{"id":19944,"date":"2024-08-29T07:31:11","date_gmt":"2024-08-29T06:31:11","guid":{"rendered":"https:\/\/centrekine.com\/protesis-rodilla\/"},"modified":"2025-01-28T11:06:29","modified_gmt":"2025-01-28T10:06:29","slug":"protesi-de-genoll","status":"publish","type":"post","link":"https:\/\/centrekine.com\/ca\/protesi-de-genoll\/","title":{"rendered":"protesi de genoll"},"content":{"rendered":"<p><span style=\"font-weight: 400;\"><span style=\"vertical-align: inherit;\"><span style=\"vertical-align: inherit;\">Una de les rehabilitacions que m\u00e9s consultes genera entre els pacients de Centre Kine \u00e9s la de <\/span><\/span><\/span><b><span style=\"vertical-align: inherit;\"><span style=\"vertical-align: inherit;\">pr\u00f2tesis de genoll <\/span><\/span><\/b><span style=\"font-weight: 400;\"><span style=\"vertical-align: inherit;\"><span style=\"vertical-align: inherit;\">. Amb el post d&#8217;avui volem aclarir tots els dubtes sobre l&#8217; <\/span><\/span><\/span><b><span style=\"vertical-align: inherit;\"><span style=\"vertical-align: inherit;\">artropl\u00e0stia de genoll <\/span><\/span><\/b><span style=\"font-weight: 400;\"><span style=\"vertical-align: inherit;\"><span style=\"vertical-align: inherit;\">i tamb\u00e9 explicar en qu\u00e8 consisteix la seva <\/span><\/span><\/span><b><span style=\"vertical-align: inherit;\"><span style=\"vertical-align: inherit;\">rehabilitaci\u00f3 <\/span><\/span><\/b><span style=\"font-weight: 400;\"><span style=\"vertical-align: inherit;\"><span style=\"vertical-align: inherit;\">.\u00a0\u00a0<\/span><\/span><\/span><\/p>\n<h2><b><span style=\"vertical-align: inherit;\"><span style=\"vertical-align: inherit;\">Qu\u00e8 \u00e9s la pr\u00f2tesi de genoll?<\/span><\/span><\/b><\/h2>\n<p><span style=\"font-weight: 400;\"><span style=\"vertical-align: inherit;\"><span style=\"vertical-align: inherit;\">La pr\u00f2tesi o <\/span><\/span><\/span><i><span style=\"font-weight: 400;\"><span style=\"vertical-align: inherit;\"><span style=\"vertical-align: inherit;\">artropl\u00e0stia<\/span><\/span><\/span><\/i><span style=\"font-weight: 400;\"><span style=\"vertical-align: inherit;\"><span style=\"vertical-align: inherit;\"> de genoll, consisteix en el <\/span><\/span><\/span><b><span style=\"vertical-align: inherit;\"><span style=\"vertical-align: inherit;\">reempla\u00e7ament de l&#8217;articulaci\u00f3 del genoll amb una articulaci\u00f3 artificial <\/span><\/span><\/b><span style=\"font-weight: 400;\"><span style=\"vertical-align: inherit;\"><span style=\"vertical-align: inherit;\">. La pr\u00f2tesi total de genoll consisteix en el reempla\u00e7ament de l&#8217;extrem inferior del f\u00e8mur, l&#8217;extrem superior de la t\u00edbia i la part posterior de la r\u00f2tula.<\/span><\/span><\/span><\/p>\n<p><span style=\"font-weight: 400;\"><span style=\"vertical-align: inherit;\"><span style=\"vertical-align: inherit;\">Els <\/span><\/span><\/span><b><span style=\"vertical-align: inherit;\"><span style=\"vertical-align: inherit;\">objectius del tractament de rehabilitaci\u00f3 <\/span><\/span><\/b><span style=\"font-weight: 400;\"><span style=\"vertical-align: inherit;\"><span style=\"vertical-align: inherit;\">depenen de les caracter\u00edstiques i l&#8217; <\/span><\/span><\/span><b><span style=\"vertical-align: inherit;\"><span style=\"vertical-align: inherit;\">entorn <\/span><\/span><\/b><span style=\"font-weight: 400;\"><span style=\"vertical-align: inherit;\"><span style=\"vertical-align: inherit;\">del pacient i de les <\/span><\/span><\/span><b><span style=\"vertical-align: inherit;\"><span style=\"vertical-align: inherit;\">complicacions postquir\u00fargiques <\/span><\/span><\/b><span style=\"font-weight: 400;\"><span style=\"vertical-align: inherit;\"><span style=\"vertical-align: inherit;\">. El <\/span><\/span><\/span><b><span style=\"vertical-align: inherit;\"><span style=\"vertical-align: inherit;\">pron\u00f2stic <\/span><\/span><\/b> <b><span style=\"vertical-align: inherit;\"><span style=\"vertical-align: inherit;\">funcional d&#8217;una pr\u00f2tesi de genoll sol ser favorable <\/span><\/span><\/b><span style=\"font-weight: 400;\"><span style=\"vertical-align: inherit;\"><span style=\"vertical-align: inherit;\">, sempre que no hi hagi complicacions i que <\/span><\/span><\/span><b><span style=\"vertical-align: inherit;\"><span style=\"vertical-align: inherit;\">el pacient es benefici\u00ef d&#8217;un tractament de rehabilitaci\u00f3 adequat <\/span><\/span><\/b><span style=\"font-weight: 400;\"><span style=\"vertical-align: inherit;\"><span style=\"vertical-align: inherit;\">. Diversos estudis i revisions apunten a una millora significativa en la qualitat de vida post operat\u00f2ria en un <\/span><\/span><\/span><b><span style=\"vertical-align: inherit;\"><span style=\"vertical-align: inherit;\">75% de casos als cinc anys <\/span><\/span><\/b><span style=\"font-weight: 400;\"><span style=\"vertical-align: inherit;\"><span style=\"vertical-align: inherit;\">.\u00a0<\/span><\/span><\/span><\/p>\n<p><span style=\"font-weight: 400;\"><span style=\"vertical-align: inherit;\"><span style=\"vertical-align: inherit;\">El principal motiu pel qual es col\u00b7loca una pr\u00f2tesi de genoll \u00e9s l&#8217; <\/span><\/span><\/span><b><span style=\"vertical-align: inherit;\"><span style=\"vertical-align: inherit;\">artrosi de genoll <\/span><\/span><\/b><span style=\"font-weight: 400;\"><span style=\"vertical-align: inherit;\"><span style=\"vertical-align: inherit;\">, coneguda tamb\u00e9 com <\/span><\/span><\/span><b><span style=\"vertical-align: inherit;\"><span style=\"vertical-align: inherit;\">a gonartrosi <\/span><\/span><\/b><span style=\"font-weight: 400;\"><span style=\"vertical-align: inherit;\"><span style=\"vertical-align: inherit;\">(la degeneraci\u00f3 de l&#8217;articulaci\u00f3 femorotibial).<\/span><\/span><\/span><\/p>\n<p><span style=\"font-weight: 400;\"><span style=\"vertical-align: inherit;\"><span style=\"vertical-align: inherit;\">Altres motius pels quals es recorre a la col\u00b7locaci\u00f3 d&#8217;una pr\u00f2tesi de genoll poden ser <\/span><\/span><\/span><b><span style=\"vertical-align: inherit;\"><span style=\"vertical-align: inherit;\">fractures en qu\u00e8 hi ha un dany important de l&#8217;os subcondral, o deformitats de l&#8217;articulaci\u00f3 del genoll <\/span><\/span><\/b><span style=\"font-weight: 400;\"><span style=\"vertical-align: inherit;\"><span style=\"vertical-align: inherit;\">.<\/span><\/span><\/span><\/p>\n<h2><b><span style=\"vertical-align: inherit;\"><span style=\"vertical-align: inherit;\">Rehabilitaci\u00f3 de pacients amb pr\u00f2tesis de genoll<\/span><\/span><\/b><\/h2>\n<p><span style=\"font-weight: 400;\"><span style=\"vertical-align: inherit;\"><span style=\"vertical-align: inherit;\">El <\/span><\/span><\/span><b><span style=\"vertical-align: inherit;\"><span style=\"vertical-align: inherit;\">pla de rehabilitaci\u00f3 <\/span><\/span><\/b><span style=\"font-weight: 400;\"><span style=\"vertical-align: inherit;\"><span style=\"vertical-align: inherit;\">consisteix en <\/span><\/span><\/span><b><span style=\"vertical-align: inherit;\"><span style=\"vertical-align: inherit;\">tres fases <\/span><\/span><\/b><span style=\"font-weight: 400;\"><span style=\"vertical-align: inherit;\"><span style=\"vertical-align: inherit;\">, en funci\u00f3 del temps des que es va fer la intervenci\u00f3, adaptant-se a l&#8217;estat del pacient. Despr\u00e9s de la intervenci\u00f3 el pacient passar\u00e0 de <\/span><\/span><\/span><b><span style=\"vertical-align: inherit;\"><span style=\"vertical-align: inherit;\">3 a 7 dies a l&#8217;hospital <\/span><\/span><\/b><span style=\"font-weight: 400;\"><span style=\"vertical-align: inherit;\"><span style=\"vertical-align: inherit;\">i se li donar\u00e0 l&#8217;alta quan <\/span><\/span><\/span><b><span style=\"vertical-align: inherit;\"><span style=\"vertical-align: inherit;\">pugui caminar amb un caminador o amb les crosses <\/span><\/span><\/b><span style=\"font-weight: 400;\"><span style=\"vertical-align: inherit;\"><span style=\"vertical-align: inherit;\">sense necessitat d&#8217;ajuda aliena.<\/span><\/span><\/span><\/p>\n<ul>\n<li style=\"font-weight: 400;\" aria-level=\"1\"><b><span style=\"vertical-align: inherit;\"><span style=\"vertical-align: inherit;\">Fase I \u2013 (0-21 dies)<\/span><\/span><\/b><\/li>\n<\/ul>\n<p><b><span style=\"vertical-align: inherit;\"><span style=\"vertical-align: inherit;\">El principal objectiu \u00e9s controlar el dolor i baixar la inflamaci\u00f3 <\/span><\/span><\/b><span style=\"font-weight: 400;\"><span style=\"vertical-align: inherit;\"><span style=\"vertical-align: inherit;\">. Com a eines podem utilitzar el <\/span><\/span><\/span><b><span style=\"vertical-align: inherit;\"><span style=\"vertical-align: inherit;\">drenatge limf\u00e0tic <\/span><\/span><\/b><span style=\"font-weight: 400;\"><span style=\"vertical-align: inherit;\"><span style=\"vertical-align: inherit;\">per reduir l&#8217;edema i el <\/span><\/span><\/span><b><span style=\"vertical-align: inherit;\"><span style=\"vertical-align: inherit;\">m\u00e8tode RICE <\/span><\/span><\/b><span style=\"font-weight: 400;\"><span style=\"vertical-align: inherit;\"><span style=\"vertical-align: inherit;\">(rep\u00f2s, aplicaci\u00f3 de gel, aplicaci\u00f3 de benes compressives i elevaci\u00f3 del membre inferior).<\/span><\/span><\/span><\/p>\n<p><span style=\"font-weight: 400;\"><span style=\"vertical-align: inherit;\"><span style=\"vertical-align: inherit;\">Es poden realitzar <\/span><\/span><\/span><b><span style=\"vertical-align: inherit;\"><span style=\"vertical-align: inherit;\">exercicis isom\u00e8trics <\/span><\/span><\/b><span style=\"font-weight: 400;\"><span style=\"vertical-align: inherit;\"><span style=\"vertical-align: inherit;\">de qu\u00e0driceps, <\/span><\/span><\/span><b><span style=\"vertical-align: inherit;\"><span style=\"vertical-align: inherit;\">mobilitzacions actives <\/span><\/span><\/b><span style=\"font-weight: 400;\"><span style=\"vertical-align: inherit;\"><span style=\"vertical-align: inherit;\">del peu, <\/span><\/span><\/span><b><span style=\"vertical-align: inherit;\"><span style=\"vertical-align: inherit;\">elevaci\u00f3 activa-assistida <\/span><\/span><\/b><span style=\"font-weight: 400;\"><span style=\"vertical-align: inherit;\"><span style=\"vertical-align: inherit;\">del membre inferior i <\/span><\/span><\/span><b><span style=\"vertical-align: inherit;\"><span style=\"vertical-align: inherit;\">mobilitzaci\u00f3 passiva <\/span><\/span><\/b><span style=\"font-weight: 400;\"><span style=\"vertical-align: inherit;\"><span style=\"vertical-align: inherit;\">del genoll.<\/span><\/span><\/span><\/p>\n<p>&nbsp;<\/p>\n<p><span style=\"font-weight: 400;\"><span style=\"vertical-align: inherit;\"><span style=\"vertical-align: inherit;\">\u00c9s important en els <\/span><\/span><\/span><b><span style=\"vertical-align: inherit;\"><span style=\"vertical-align: inherit;\">primers 21 dies arribar a 90 \u00ba de flexi\u00f3 i extensi\u00f3 completa del genoll <\/span><\/span><\/b><span style=\"font-weight: 400;\"><span style=\"vertical-align: inherit;\"><span style=\"vertical-align: inherit;\">i poder <\/span><\/span><\/span><b><span style=\"vertical-align: inherit;\"><span style=\"vertical-align: inherit;\">pujar i baixar les escales <\/span><\/span><\/b><span style=\"font-weight: 400;\"><span style=\"vertical-align: inherit;\"><span style=\"vertical-align: inherit;\">amb dues crosses.\u00a0<\/span><\/span><\/span><\/p>\n<ul>\n<li style=\"font-weight: 400;\" aria-level=\"1\"><b><span style=\"vertical-align: inherit;\"><span style=\"vertical-align: inherit;\">Fase II \u2013 (21-45 dies)<\/span><\/span><\/b><\/li>\n<\/ul>\n<p><span style=\"font-weight: 400;\"><span style=\"vertical-align: inherit;\"><span style=\"vertical-align: inherit;\">Durant la segona fase el pacient ha de <\/span><\/span><\/span><b><span style=\"vertical-align: inherit;\"><span style=\"vertical-align: inherit;\">superar els 90\u00ba de flexi\u00f3 i aprendre a caminar amb una crossa <\/span><\/span><\/b><span style=\"font-weight: 400;\"><span style=\"vertical-align: inherit;\"><span style=\"vertical-align: inherit;\">, havent de carregar for\u00e7a pes al genoll. La crossa s&#8217;ha de portar al bra\u00e7 contrari al genoll operat.<\/span><\/span><\/span><\/p>\n<p><span style=\"font-weight: 400;\"><span style=\"vertical-align: inherit;\"><span style=\"vertical-align: inherit;\">Podem comen\u00e7ar amb <\/span><\/span><\/span><b><span style=\"vertical-align: inherit;\"><span style=\"vertical-align: inherit;\">mobilitzacions actives i actiu-assistides <\/span><\/span><\/b><span style=\"font-weight: 400;\"><span style=\"vertical-align: inherit;\"><span style=\"vertical-align: inherit;\">del genoll en flexoextensi\u00f3, <\/span><\/span><\/span><b><span style=\"vertical-align: inherit;\"><span style=\"vertical-align: inherit;\">mobilitzacions passives <\/span><\/span><\/b><span style=\"font-weight: 400;\"><span style=\"vertical-align: inherit;\"><span style=\"vertical-align: inherit;\">de la r\u00f2tula, <\/span><\/span><\/span><b><span style=\"vertical-align: inherit;\"><span style=\"vertical-align: inherit;\">exercicis d&#8217;enfortiment <\/span><\/span><\/b><span style=\"font-weight: 400;\"><span style=\"vertical-align: inherit;\"><span style=\"vertical-align: inherit;\">de qu\u00e0driceps en poc rang articular, exercicis per enfortir els glutis i <\/span><\/span><\/span><b><span style=\"vertical-align: inherit;\"><span style=\"vertical-align: inherit;\">massatge cicatricial <\/span><\/span><\/b><span style=\"font-weight: 400;\"><span style=\"vertical-align: inherit;\"><span style=\"vertical-align: inherit;\">per evitar les adher\u00e8ncies i recuperar l&#8217;elasticitat de la pell.<\/span><\/span><\/span><\/p>\n<ul>\n<li aria-level=\"1\"><b><span style=\"vertical-align: inherit;\"><span style=\"vertical-align: inherit;\">Fase III &#8211; (45-90 dies)<\/span><\/span><\/b><\/li>\n<\/ul>\n<p><span style=\"font-weight: 400;\"><span style=\"vertical-align: inherit;\"><span style=\"vertical-align: inherit;\">Hem d&#8217;aconseguir millorar la mobilitat articular i intentar arribar als <\/span><\/span><\/span><b><span style=\"vertical-align: inherit;\"><span style=\"vertical-align: inherit;\">120 \u00ba de flexi\u00f3 <\/span><\/span><\/b><span style=\"font-weight: 400;\"><span style=\"vertical-align: inherit;\"><span style=\"vertical-align: inherit;\">, <\/span><\/span><\/span><b><span style=\"vertical-align: inherit;\"><span style=\"vertical-align: inherit;\">caminar evitant compensacions sense crosses i pujar i baixar escales sense suport <\/span><\/span><\/b><span style=\"font-weight: 400;\"><span style=\"vertical-align: inherit;\"><span style=\"vertical-align: inherit;\">.<\/span><\/span><\/span><\/p>\n<p><span style=\"font-weight: 400;\"><span style=\"vertical-align: inherit;\"><span style=\"vertical-align: inherit;\">El tractament de rehabilitaci\u00f3 a la tercera fase consisteix a <\/span><\/span><\/span><b><span style=\"vertical-align: inherit;\"><span style=\"vertical-align: inherit;\">millorar l&#8217;estabilitat de l&#8217;articulaci\u00f3 i augmentar la for\u00e7a <\/span><\/span><\/b><span style=\"font-weight: 400;\"><span style=\"vertical-align: inherit;\"><span style=\"vertical-align: inherit;\">perqu\u00e8 el pacient torni a realitzar la seva vida di\u00e0ria sense limitacions importants.<\/span><\/span><\/span><\/p>\n<p><span style=\"font-weight: 400;\"><span style=\"vertical-align: inherit;\"><span style=\"vertical-align: inherit;\">Tot i que hem millorat l&#8217;estabilitat i la for\u00e7a del genoll, s&#8217;aconsella <\/span><\/span><\/span><b><span style=\"vertical-align: inherit;\"><span style=\"vertical-align: inherit;\">evitar els esports d&#8217;impacte o els que impliquen canvis bruscos de direcci\u00f3 <\/span><\/span><\/b><span style=\"font-weight: 400;\"><span style=\"vertical-align: inherit;\"><span style=\"vertical-align: inherit;\">per allargar la vida de la pr\u00f2tesi.<\/span><\/span><\/span><\/p>\n<h2><b><span style=\"vertical-align: inherit;\"><span style=\"vertical-align: inherit;\">Com et podem ajudar a Centre Kine?<\/span><\/span><\/b><\/h2>\n<p><span style=\"font-weight: 400;\"><span style=\"vertical-align: inherit;\"><span style=\"vertical-align: inherit;\">A <\/span><\/span><\/span><b><span style=\"vertical-align: inherit;\"><span style=\"vertical-align: inherit;\">Centre Kine <\/span><\/span><\/b><span style=\"font-weight: 400;\"><span style=\"vertical-align: inherit;\"><span style=\"vertical-align: inherit;\">disposem de totes les <\/span><\/span><\/span><b><span style=\"vertical-align: inherit;\"><span style=\"vertical-align: inherit;\">eines necess\u00e0ries per realitzar el teu tractament de rehabilitaci\u00f3 <\/span><\/span><\/b><span style=\"font-weight: 400;\"><span style=\"vertical-align: inherit;\"><span style=\"vertical-align: inherit;\">despr\u00e9s d&#8217;una cirurgia de pr\u00f2tesis de genoll.<\/span><\/span><\/span><\/p>\n<p><b><span style=\"vertical-align: inherit;\"><span style=\"vertical-align: inherit;\">Per disminuir l&#8217;edema i reduir el dolor <\/span><\/span><\/b><span style=\"font-weight: 400;\"><span style=\"vertical-align: inherit;\"><span style=\"vertical-align: inherit;\">disposem d&#8217;una ter\u00e0pia com la <\/span><\/span><\/span><a href=\"https:\/\/centrekine.com\/treatments1\/indiba\/\"><b><span style=\"vertical-align: inherit;\"><span style=\"vertical-align: inherit;\">INDIBA<\/span><\/span><\/b><\/a><span style=\"font-weight: 400;\"><span style=\"vertical-align: inherit;\"><span style=\"vertical-align: inherit;\"> , pel seu <\/span><\/span><\/span><b><span style=\"vertical-align: inherit;\"><span style=\"vertical-align: inherit;\">efecte analg\u00e8sic i antiinflamatori <\/span><\/span><\/b><span style=\"font-weight: 400;\"><span style=\"vertical-align: inherit;\"><span style=\"vertical-align: inherit;\">i el <\/span><\/span><\/span><a href=\"https:\/\/centrekine.com\/ca\/que-es-el-drenatge-limfatic\/\"><b><span style=\"vertical-align: inherit;\"><span style=\"vertical-align: inherit;\">drenatge limf\u00e0tic<\/span><\/span><\/b><\/a><span style=\"font-weight: 400;\"><span style=\"vertical-align: inherit;\"><span style=\"vertical-align: inherit;\"> per eliminar el l\u00edquid intersticial i limf\u00e0tic que s&#8217;acumula despr\u00e9s de la cirurgia a la cama. Altres tractaments com la <\/span><\/span><\/span><a href=\"https:\/\/centrekine.com\/ca\/puncion-seca\/\"><b><span style=\"vertical-align: inherit;\"><span style=\"vertical-align: inherit;\">punci\u00f3 seca<\/span><\/span><\/b><\/a><span style=\"font-weight: 400;\"><span style=\"vertical-align: inherit;\"><span style=\"vertical-align: inherit;\"> ens seran \u00fatils per a la normalitzaci\u00f3 del to muscular.\u00a0<\/span><\/span><\/span><\/p>\n<p><span style=\"font-weight: 400;\"><span style=\"vertical-align: inherit;\"><span style=\"vertical-align: inherit;\">Des del principi podem fer una <\/span><\/span><\/span><b><span style=\"vertical-align: inherit;\"><span style=\"vertical-align: inherit;\">pauta d&#8217; <\/span><\/span><\/b> <b><span style=\"vertical-align: inherit;\"><span style=\"vertical-align: inherit;\">exercicis <\/span><\/span><\/b><span style=\"font-weight: 400;\"><span style=\"vertical-align: inherit;\"><span style=\"vertical-align: inherit;\">per a l&#8217; <\/span><\/span><\/span><b><span style=\"vertical-align: inherit;\"><span style=\"vertical-align: inherit;\">enfortiment muscular <\/span><\/span><\/b><span style=\"font-weight: 400;\"><span style=\"vertical-align: inherit;\"><span style=\"vertical-align: inherit;\">del qu\u00e0driceps, isquiotibials, glutis i bessons, la <\/span><\/span><\/span><b><span style=\"vertical-align: inherit;\"><span style=\"vertical-align: inherit;\">ter\u00e0pia manual <\/span><\/span><\/b><span style=\"font-weight: 400;\"><span style=\"vertical-align: inherit;\"><span style=\"vertical-align: inherit;\">per millorar la mobilitat articular i treballar la zona de la cicatriu i l&#8217; <\/span><\/span><\/span><b><span style=\"vertical-align: inherit;\"><span style=\"vertical-align: inherit;\">electroter\u00e0pia <\/span><\/span><\/b><span style=\"font-weight: 400;\"><span style=\"vertical-align: inherit;\"><span style=\"vertical-align: inherit;\">per al tractament analg\u00e8sic. Treballar amb eines com el <\/span><\/span><\/span><b><span style=\"vertical-align: inherit;\"><span style=\"vertical-align: inherit;\">BFR <\/span><\/span><\/b><span style=\"font-weight: 400;\"><span style=\"vertical-align: inherit;\"><span style=\"vertical-align: inherit;\">( <\/span><\/span><\/span><i><span style=\"font-weight: 400;\"><span style=\"vertical-align: inherit;\"><span style=\"vertical-align: inherit;\">Blood Flow Restriction<\/span><\/span><\/span><\/i><span style=\"font-weight: 400;\"><span style=\"vertical-align: inherit;\"><span style=\"vertical-align: inherit;\"> ), ens ser\u00e0 \u00fatil per guanyar for\u00e7a i massa muscular m\u00e9s r\u00e0pidament.\u00a0<\/span><\/span><\/span><\/p>\n<h2><b><span style=\"vertical-align: inherit;\"><span style=\"vertical-align: inherit;\">En vols saber m\u00e9s?<\/span><\/span><\/b><\/h2>\n<p><span style=\"vertical-align: inherit;\"><a href=\"tel:973233703\"><span style=\"font-weight: 400;\"><span style=\"vertical-align: inherit;\">Ens<\/span><\/span><\/a><span style=\"font-weight: 400;\"><span style=\"vertical-align: inherit;\"> trobar\u00e0s a Passeig <\/span><\/span><a href=\"https:\/\/centrekine.com\/ca\/contacte\/\"><span style=\"font-weight: 400;\"><span style=\"vertical-align: inherit;\">de<\/span><\/span><\/a><b><span style=\"vertical-align: inherit;\"> Ronda, 164 <\/span><\/b><span style=\"font-weight: 400;\"><span style=\"vertical-align: inherit;\">o <\/span><\/span><span style=\"font-weight: 400;\"><span style=\"vertical-align: inherit;\">al <\/span><\/span><a href=\"https:\/\/centrekine.com\/wp-content\/uploads\/2016\/09\/kin-nuestros-centros-paseo-de-ronda.jpg\"><span style=\"font-weight: 400;\"><span style=\"vertical-align: inherit;\">Carrer Santa Cec\u00edlia,<\/span><\/span><\/a><b><span style=\"vertical-align: inherit;\"> 20 <\/span><\/b><span style=\"font-weight: 400;\"><span style=\"vertical-align: inherit;\">, <\/span><\/span><span style=\"font-weight: 400;\"><span style=\"vertical-align: inherit;\">Lleida <\/span><\/span><span style=\"font-weight: 400;\"><span style=\"vertical-align: inherit;\">.\u00a0<\/span><\/span><\/span><b>\u00a0<\/b> <b><\/b><b><\/b><\/p>\n<hr \/>\n<h2><span style=\"vertical-align: inherit;\"><span style=\"vertical-align: inherit;\">Refer\u00e8ncies<\/span><\/span><\/h2>\n<ul>\n<li style=\"font-weight: 400;\" aria-level=\"1\"><span style=\"font-weight: 400;\"><span style=\"vertical-align: inherit;\"><span style=\"vertical-align: inherit;\">Jansen E, Brienza S, Gierasimowicz-Fontana A, Matos C, Reynders-Frederix-Dobre C, HateM SM. <\/span><\/span><\/span><a href=\"https:\/\/pubmed.ncbi.nlm.nih.gov\/26591319\/\"><span style=\"font-weight: 400;\"><span style=\"vertical-align: inherit;\"><span style=\"vertical-align: inherit;\">Revalidation despr\u00e9s de les arthroplasties d&#8217;hanche et de genou<\/span><\/span><\/span><\/a><span style=\"font-weight: 400;\"><span style=\"vertical-align: inherit;\"><span style=\"vertical-align: inherit;\"> . Rev Med Brux. 2015 Set;36(4):313-20. French. PMID: 26591319.<\/span><\/span><\/span><\/li>\n<li style=\"font-weight: 400;\" aria-level=\"1\"><span style=\"font-weight: 400;\"><span style=\"vertical-align: inherit;\"><span style=\"vertical-align: inherit;\">Brown T, Cui Q, Mihalko W, Salih K &#8211; <\/span><\/span><\/span><a href=\"http:\/\/www.libreriaserviciomedico.com\/product\/428551\/artritis-y-artroplastia-%E2%80%93-rodilla---brown---cui---mihalko---saleh\"><span style=\"font-weight: 400;\"><span style=\"vertical-align: inherit;\"><span style=\"vertical-align: inherit;\">Artritis i Artropl\u00e0stia de Genoll<\/span><\/span><\/span><\/a><span style=\"font-weight: 400;\"><span style=\"vertical-align: inherit;\"><span style=\"vertical-align: inherit;\"> 1a Edici\u00f3 Maig 2012.<\/span><\/span><\/span><\/li>\n<li style=\"font-weight: 400;\" aria-level=\"1\"><span style=\"font-weight: 400;\"><span style=\"vertical-align: inherit;\"><span style=\"vertical-align: inherit;\">Cu\u00f1at T, Mart\u00ednez-Pastor JC, D\u00fcrsteler C, Hern\u00e1ndez C, Sala-Blanch X. <\/span><\/span><\/span><a href=\"https:\/\/pubmed.ncbi.nlm.nih.gov\/34325900\/\"><span style=\"font-weight: 400;\"><span style=\"vertical-align: inherit;\"><span style=\"vertical-align: inherit;\">Perioperative medicine role in painful knee prosthesis prevention<\/span><\/span><\/span><\/a><span style=\"font-weight: 400;\"><span style=\"vertical-align: inherit;\"><span style=\"vertical-align: inherit;\"> . Rev Esp Anestesiol Reanim (Engl Ed). 2021 Jul 26:S0034-9356(21)00142-0. English, Spanish. doi: 10.1016\/j.redar.2021.03.011. Epub ahead of print. PMID: 34325900.<\/span><\/span><\/span><\/li>\n<li style=\"font-weight: 400;\" aria-level=\"1\"><span style=\"font-weight: 400;\"><span style=\"vertical-align: inherit;\"><span style=\"vertical-align: inherit;\">Canovas F, Dagneaux L. <\/span><\/span><\/span><a href=\"https:\/\/pubmed.ncbi.nlm.nih.gov\/29183821\/\"><span style=\"font-weight: 400;\"><span style=\"vertical-align: inherit;\"><span style=\"vertical-align: inherit;\">Quality of life after total knee arthroplasty<\/span><\/span><\/span><\/a><span style=\"font-weight: 400;\"><span style=\"vertical-align: inherit;\"><span style=\"vertical-align: inherit;\"> . Orthop Traumatol Surg Res. 2018 Feb;104(1S):S41-S46. doi: 10.1016\/j.otsr.2017.04.017. Epub 2017 Nov 26. PMID: 29183821.<\/span><\/span><\/span><\/li>\n<\/ul>\n","protected":false},"excerpt":{"rendered":"<p>Una de les rehabilitacions que m\u00e9s consultes genera entre els pacients de Centre Kine \u00e9s la de pr\u00f2tesis de genoll . Amb el post d&#8217;avui volem aclarir tots els dubtes sobre l&#8217; artropl\u00e0stia de genoll i tamb\u00e9 explicar en qu\u00e8 consisteix la seva rehabilitaci\u00f3 .\u00a0\u00a0 Qu\u00e8 \u00e9s la pr\u00f2tesi de genoll? La pr\u00f2tesi o artropl\u00e0stia [&hellip;]<\/p>\n","protected":false},"author":1,"featured_media":18827,"comment_status":"open","ping_status":"open","sticky":false,"template":"","format":"standard","meta":{"_joinchat":[],"footnotes":""},"categories":[1910,1911,1926],"tags":[2121,2122,1914,2005,2125,1972,2126,2127,2119,1916,2128,2129,2130],"acf":[],"yoast_head":"<!-- This site is optimized with the Yoast SEO plugin v24.2 - https:\/\/yoast.com\/wordpress\/plugins\/seo\/ -->\n<title>protesi de genoll - Centre Kine<\/title>\n<meta name=\"robots\" content=\"index, follow, max-snippet:-1, max-image-preview:large, max-video-preview:-1\" \/>\n<link rel=\"canonical\" href=\"https:\/\/centrekine.com\/ca\/protesi-de-genoll\/\" \/>\n<meta property=\"og:locale\" content=\"ca_ES\" \/>\n<meta property=\"og:type\" content=\"article\" \/>\n<meta property=\"og:title\" content=\"protesi de genoll - Centre Kine\" \/>\n<meta property=\"og:description\" content=\"Una de les rehabilitacions que m\u00e9s consultes genera entre els pacients de Centre Kine \u00e9s la de pr\u00f2tesis de genoll . Amb el post d&#8217;avui volem aclarir tots els dubtes sobre l&#8217; artropl\u00e0stia de genoll i tamb\u00e9 explicar en qu\u00e8 consisteix la seva rehabilitaci\u00f3 .\u00a0\u00a0 Qu\u00e8 \u00e9s la pr\u00f2tesi de genoll? La pr\u00f2tesi o artropl\u00e0stia [&hellip;]\" \/>\n<meta property=\"og:url\" content=\"https:\/\/centrekine.com\/ca\/protesi-de-genoll\/\" \/>\n<meta property=\"og:site_name\" content=\"Centre Kine\" \/>\n<meta property=\"article:published_time\" content=\"2024-08-29T06:31:11+00:00\" \/>\n<meta property=\"article:modified_time\" content=\"2025-01-28T10:06:29+00:00\" \/>\n<meta property=\"og:image\" content=\"https:\/\/centrekine.com\/wp-content\/uploads\/2024\/08\/protesis-rodilla-centre-kine_1.png\" \/>\n\t<meta property=\"og:image:width\" content=\"902\" \/>\n\t<meta property=\"og:image:height\" content=\"402\" \/>\n\t<meta property=\"og:image:type\" content=\"image\/png\" \/>\n<meta name=\"author\" content=\"angel_rfgr2l1f\" \/>\n<meta name=\"twitter:card\" content=\"summary_large_image\" \/>\n<meta name=\"twitter:label1\" content=\"Escrit per\" \/>\n\t<meta name=\"twitter:data1\" content=\"angel_rfgr2l1f\" \/>\n\t<meta name=\"twitter:label2\" content=\"Temps estimat de lectura\" \/>\n\t<meta name=\"twitter:data2\" content=\"5 minuts\" \/>\n<script type=\"application\/ld+json\" class=\"yoast-schema-graph\">{\"@context\":\"https:\/\/schema.org\",\"@graph\":[{\"@type\":\"WebPage\",\"@id\":\"https:\/\/centrekine.com\/ca\/protesi-de-genoll\/\",\"url\":\"https:\/\/centrekine.com\/ca\/protesi-de-genoll\/\",\"name\":\"protesi de genoll - Centre Kine\",\"isPartOf\":{\"@id\":\"https:\/\/centrekine.com\/#website\"},\"primaryImageOfPage\":{\"@id\":\"https:\/\/centrekine.com\/ca\/protesi-de-genoll\/#primaryimage\"},\"image\":{\"@id\":\"https:\/\/centrekine.com\/ca\/protesi-de-genoll\/#primaryimage\"},\"thumbnailUrl\":\"https:\/\/centrekine.com\/wp-content\/uploads\/2024\/08\/protesis-rodilla-centre-kine_1.png\",\"datePublished\":\"2024-08-29T06:31:11+00:00\",\"dateModified\":\"2025-01-28T10:06:29+00:00\",\"author\":{\"@id\":\"https:\/\/centrekine.com\/#\/schema\/person\/79e773377c569a732ef029f5ee675192\"},\"breadcrumb\":{\"@id\":\"https:\/\/centrekine.com\/ca\/protesi-de-genoll\/#breadcrumb\"},\"inLanguage\":\"ca\",\"potentialAction\":[{\"@type\":\"ReadAction\",\"target\":[\"https:\/\/centrekine.com\/ca\/protesi-de-genoll\/\"]}]},{\"@type\":\"ImageObject\",\"inLanguage\":\"ca\",\"@id\":\"https:\/\/centrekine.com\/ca\/protesi-de-genoll\/#primaryimage\",\"url\":\"https:\/\/centrekine.com\/wp-content\/uploads\/2024\/08\/protesis-rodilla-centre-kine_1.png\",\"contentUrl\":\"https:\/\/centrekine.com\/wp-content\/uploads\/2024\/08\/protesis-rodilla-centre-kine_1.png\",\"width\":902,\"height\":402},{\"@type\":\"BreadcrumbList\",\"@id\":\"https:\/\/centrekine.com\/ca\/protesi-de-genoll\/#breadcrumb\",\"itemListElement\":[{\"@type\":\"ListItem\",\"position\":1,\"name\":\"Portada\",\"item\":\"https:\/\/centrekine.com\/ca\/\"},{\"@type\":\"ListItem\",\"position\":2,\"name\":\"protesi de genoll\"}]},{\"@type\":\"WebSite\",\"@id\":\"https:\/\/centrekine.com\/#website\",\"url\":\"https:\/\/centrekine.com\/\",\"name\":\"Centre Kine\",\"description\":\"Fisioter\u00e0pia, Osteopatia i ter\u00e0pies globals a Lleida\",\"potentialAction\":[{\"@type\":\"SearchAction\",\"target\":{\"@type\":\"EntryPoint\",\"urlTemplate\":\"https:\/\/centrekine.com\/?s={search_term_string}\"},\"query-input\":{\"@type\":\"PropertyValueSpecification\",\"valueRequired\":true,\"valueName\":\"search_term_string\"}}],\"inLanguage\":\"ca\"},{\"@type\":\"Person\",\"@id\":\"https:\/\/centrekine.com\/#\/schema\/person\/79e773377c569a732ef029f5ee675192\",\"name\":\"angel_rfgr2l1f\",\"image\":{\"@type\":\"ImageObject\",\"inLanguage\":\"ca\",\"@id\":\"https:\/\/centrekine.com\/#\/schema\/person\/image\/\",\"url\":\"https:\/\/secure.gravatar.com\/avatar\/ad8b00593a2116f47595bdc03abd51a8?s=96&d=mm&r=g\",\"contentUrl\":\"https:\/\/secure.gravatar.com\/avatar\/ad8b00593a2116f47595bdc03abd51a8?s=96&d=mm&r=g\",\"caption\":\"angel_rfgr2l1f\"},\"url\":\"https:\/\/centrekine.com\/ca\/author\/angel_rfgr2l1f\/\"}]}<\/script>\n<!-- \/ Yoast SEO plugin. -->","yoast_head_json":{"title":"protesi de genoll - Centre Kine","robots":{"index":"index","follow":"follow","max-snippet":"max-snippet:-1","max-image-preview":"max-image-preview:large","max-video-preview":"max-video-preview:-1"},"canonical":"https:\/\/centrekine.com\/ca\/protesi-de-genoll\/","og_locale":"ca_ES","og_type":"article","og_title":"protesi de genoll - Centre Kine","og_description":"Una de les rehabilitacions que m\u00e9s consultes genera entre els pacients de Centre Kine \u00e9s la de pr\u00f2tesis de genoll . Amb el post d&#8217;avui volem aclarir tots els dubtes sobre l&#8217; artropl\u00e0stia de genoll i tamb\u00e9 explicar en qu\u00e8 consisteix la seva rehabilitaci\u00f3 .\u00a0\u00a0 Qu\u00e8 \u00e9s la pr\u00f2tesi de genoll? La pr\u00f2tesi o artropl\u00e0stia [&hellip;]","og_url":"https:\/\/centrekine.com\/ca\/protesi-de-genoll\/","og_site_name":"Centre Kine","article_published_time":"2024-08-29T06:31:11+00:00","article_modified_time":"2025-01-28T10:06:29+00:00","og_image":[{"width":902,"height":402,"url":"https:\/\/centrekine.com\/wp-content\/uploads\/2024\/08\/protesis-rodilla-centre-kine_1.png","type":"image\/png"}],"author":"angel_rfgr2l1f","twitter_card":"summary_large_image","twitter_misc":{"Escrit per":"angel_rfgr2l1f","Temps estimat de lectura":"5 minuts"},"schema":{"@context":"https:\/\/schema.org","@graph":[{"@type":"WebPage","@id":"https:\/\/centrekine.com\/ca\/protesi-de-genoll\/","url":"https:\/\/centrekine.com\/ca\/protesi-de-genoll\/","name":"protesi de genoll - Centre Kine","isPartOf":{"@id":"https:\/\/centrekine.com\/#website"},"primaryImageOfPage":{"@id":"https:\/\/centrekine.com\/ca\/protesi-de-genoll\/#primaryimage"},"image":{"@id":"https:\/\/centrekine.com\/ca\/protesi-de-genoll\/#primaryimage"},"thumbnailUrl":"https:\/\/centrekine.com\/wp-content\/uploads\/2024\/08\/protesis-rodilla-centre-kine_1.png","datePublished":"2024-08-29T06:31:11+00:00","dateModified":"2025-01-28T10:06:29+00:00","author":{"@id":"https:\/\/centrekine.com\/#\/schema\/person\/79e773377c569a732ef029f5ee675192"},"breadcrumb":{"@id":"https:\/\/centrekine.com\/ca\/protesi-de-genoll\/#breadcrumb"},"inLanguage":"ca","potentialAction":[{"@type":"ReadAction","target":["https:\/\/centrekine.com\/ca\/protesi-de-genoll\/"]}]},{"@type":"ImageObject","inLanguage":"ca","@id":"https:\/\/centrekine.com\/ca\/protesi-de-genoll\/#primaryimage","url":"https:\/\/centrekine.com\/wp-content\/uploads\/2024\/08\/protesis-rodilla-centre-kine_1.png","contentUrl":"https:\/\/centrekine.com\/wp-content\/uploads\/2024\/08\/protesis-rodilla-centre-kine_1.png","width":902,"height":402},{"@type":"BreadcrumbList","@id":"https:\/\/centrekine.com\/ca\/protesi-de-genoll\/#breadcrumb","itemListElement":[{"@type":"ListItem","position":1,"name":"Portada","item":"https:\/\/centrekine.com\/ca\/"},{"@type":"ListItem","position":2,"name":"protesi de genoll"}]},{"@type":"WebSite","@id":"https:\/\/centrekine.com\/#website","url":"https:\/\/centrekine.com\/","name":"Centre Kine","description":"Fisioter\u00e0pia, Osteopatia i ter\u00e0pies globals a Lleida","potentialAction":[{"@type":"SearchAction","target":{"@type":"EntryPoint","urlTemplate":"https:\/\/centrekine.com\/?s={search_term_string}"},"query-input":{"@type":"PropertyValueSpecification","valueRequired":true,"valueName":"search_term_string"}}],"inLanguage":"ca"},{"@type":"Person","@id":"https:\/\/centrekine.com\/#\/schema\/person\/79e773377c569a732ef029f5ee675192","name":"angel_rfgr2l1f","image":{"@type":"ImageObject","inLanguage":"ca","@id":"https:\/\/centrekine.com\/#\/schema\/person\/image\/","url":"https:\/\/secure.gravatar.com\/avatar\/ad8b00593a2116f47595bdc03abd51a8?s=96&d=mm&r=g","contentUrl":"https:\/\/secure.gravatar.com\/avatar\/ad8b00593a2116f47595bdc03abd51a8?s=96&d=mm&r=g","caption":"angel_rfgr2l1f"},"url":"https:\/\/centrekine.com\/ca\/author\/angel_rfgr2l1f\/"}]}},"_links":{"self":[{"href":"https:\/\/centrekine.com\/ca\/wp-json\/wp\/v2\/posts\/19944"}],"collection":[{"href":"https:\/\/centrekine.com\/ca\/wp-json\/wp\/v2\/posts"}],"about":[{"href":"https:\/\/centrekine.com\/ca\/wp-json\/wp\/v2\/types\/post"}],"author":[{"embeddable":true,"href":"https:\/\/centrekine.com\/ca\/wp-json\/wp\/v2\/users\/1"}],"replies":[{"embeddable":true,"href":"https:\/\/centrekine.com\/ca\/wp-json\/wp\/v2\/comments?post=19944"}],"version-history":[{"count":2,"href":"https:\/\/centrekine.com\/ca\/wp-json\/wp\/v2\/posts\/19944\/revisions"}],"predecessor-version":[{"id":19948,"href":"https:\/\/centrekine.com\/ca\/wp-json\/wp\/v2\/posts\/19944\/revisions\/19948"}],"wp:featuredmedia":[{"embeddable":true,"href":"https:\/\/centrekine.com\/ca\/wp-json\/wp\/v2\/media\/18827"}],"wp:attachment":[{"href":"https:\/\/centrekine.com\/ca\/wp-json\/wp\/v2\/media?parent=19944"}],"wp:term":[{"taxonomy":"category","embeddable":true,"href":"https:\/\/centrekine.com\/ca\/wp-json\/wp\/v2\/categories?post=19944"},{"taxonomy":"post_tag","embeddable":true,"href":"https:\/\/centrekine.com\/ca\/wp-json\/wp\/v2\/tags?post=19944"}],"curies":[{"name":"wp","href":"https:\/\/api.w.org\/{rel}","templated":true}]}}