{"id":19883,"date":"2024-08-29T07:31:12","date_gmt":"2024-08-29T06:31:12","guid":{"rendered":"https:\/\/centrekine.com\/lesion-hombro-tendinitis-supraespinoso\/"},"modified":"2025-01-29T09:42:29","modified_gmt":"2025-01-29T08:42:29","slug":"lesio-a-lespatlla-tendinitis-del-supraespinos","status":"publish","type":"post","link":"https:\/\/centrekine.com\/ca\/lesio-a-lespatlla-tendinitis-del-supraespinos\/","title":{"rendered":"Lesi\u00f3 a l&#8217;espatlla: tendinitis del supraespin\u00f3s"},"content":{"rendered":"<p>&nbsp;<\/p>\n<p><span style=\"font-weight: 400;\"><span style=\"vertical-align: inherit;\"><span style=\"vertical-align: inherit;\">Avui al <\/span><\/span><\/span><a href=\"https:\/\/centrekine.com\/es\/blog\/\"><span style=\"font-weight: 400;\"><span style=\"vertical-align: inherit;\"><span style=\"vertical-align: inherit;\">bloc<\/span><\/span><\/span><\/a><span style=\"font-weight: 400;\"><span style=\"vertical-align: inherit;\"><span style=\"vertical-align: inherit;\"> de <\/span><\/span><\/span><b><span style=\"vertical-align: inherit;\"><span style=\"vertical-align: inherit;\">Centre Kine <\/span><\/span><\/b><span style=\"font-weight: 400;\"><span style=\"vertical-align: inherit;\"><span style=\"vertical-align: inherit;\">parlarem de la <\/span><\/span><\/span><b><span style=\"vertical-align: inherit;\"><span style=\"vertical-align: inherit;\">tendinopatia o \u201ctendinitis\u201d del supraespin\u00f3s <\/span><\/span><\/b><span style=\"font-weight: 400;\"><span style=\"vertical-align: inherit;\"><span style=\"vertical-align: inherit;\">, una <\/span><\/span><\/span><b><span style=\"vertical-align: inherit;\"><span style=\"vertical-align: inherit;\">lesi\u00f3 de l&#8217;espatlla dolorosa <\/span><\/span><\/b><span style=\"font-weight: 400;\"><span style=\"vertical-align: inherit;\"><span style=\"vertical-align: inherit;\">molt freq\u00fcent. A m\u00e9s, analitzarem quines s\u00f3n les causes, com podem evitar que se&#8217;ns faci malb\u00e9 el tend\u00f3 i el tractament que apliquem a\u00a0 <\/span><\/span><\/span><a href=\"https:\/\/centrekine.com\/es\/blog\/\"><b><span style=\"vertical-align: inherit;\"><span style=\"vertical-align: inherit;\">Centre Kine.\u00a0\u00a0<\/span><\/span><\/b><\/a><\/p>\n<h2><\/h2>\n<h2><b><span style=\"vertical-align: inherit;\"><span style=\"vertical-align: inherit;\">L&#8217;espatlla i la tendinitis del m\u00fascul supraespin\u00f3s\u00a0<\/span><\/span><\/b><\/h2>\n<p>&nbsp;<\/p>\n<p><span style=\"font-weight: 400;\"><span style=\"vertical-align: inherit;\"><span style=\"vertical-align: inherit;\">L&#8217; <\/span><\/span><\/span><b><span style=\"vertical-align: inherit;\"><span style=\"vertical-align: inherit;\">espatlla <\/span><\/span><\/b><span style=\"font-weight: 400;\"><span style=\"vertical-align: inherit;\"><span style=\"vertical-align: inherit;\">\u00e9s una <\/span><\/span><\/span><a href=\"https:\/\/www.cigna.com\/es-us\/knowledge-center\/hw\/hombro-aa55625#:~:text=El%20hombro%20se%20compone%20de,extremo%20(acromion)%20del%20om%C3%B3plato.\" target=\"_blank\" rel=\"noopener\"><span style=\"font-weight: 400;\"><span style=\"vertical-align: inherit;\"><span style=\"vertical-align: inherit;\">estructura complexa<\/span><\/span><\/span><\/a><span style=\"font-weight: 400;\"><span style=\"vertical-align: inherit;\"><span style=\"vertical-align: inherit;\"> i est\u00e0 composta per diferents ossos, m\u00fasculs i tendons que s&#8217;encarreguen de la seva mobilitat, for\u00e7a i estabilitat. Tamb\u00e9 \u00e9s una de les <\/span><\/span><\/span><b><span style=\"vertical-align: inherit;\"><span style=\"vertical-align: inherit;\">articulacions amb m\u00e9s mobilitat <\/span><\/span><\/b><span style=\"font-weight: 400;\"><span style=\"vertical-align: inherit;\"><span style=\"vertical-align: inherit;\">del cos hum\u00e0. Per aix\u00f2, els elements que el componen han d&#8217;estar en equilibri.\u00a0<\/span><\/span><\/span><\/p>\n<p>&nbsp;<\/p>\n<p><span style=\"font-weight: 400;\"><span style=\"vertical-align: inherit;\"><span style=\"vertical-align: inherit;\">Aix\u00ed mateix, qualsevol causa de desestabilitzaci\u00f3 entre les parts provoca desequilibris que poden donar lloc a <\/span><\/span><\/span><b><span style=\"vertical-align: inherit;\"><span style=\"vertical-align: inherit;\">lesions <\/span><\/span><\/b><span style=\"font-weight: 400;\"><span style=\"vertical-align: inherit;\"><span style=\"vertical-align: inherit;\">. Per exemple, la <\/span><\/span><\/span><b><span style=\"vertical-align: inherit;\"><span style=\"vertical-align: inherit;\">tendinopatia del supraespin\u00f3s <\/span><\/span><\/b><span style=\"font-weight: 400;\"><span style=\"vertical-align: inherit;\"><span style=\"vertical-align: inherit;\">.\u00a0<\/span><\/span><\/span><\/p>\n<p>&nbsp;<\/p>\n<p><span style=\"font-weight: 400;\"><span style=\"vertical-align: inherit;\"><span style=\"vertical-align: inherit;\">El <\/span><\/span><\/span><b><span style=\"vertical-align: inherit;\"><span style=\"vertical-align: inherit;\">mal d&#8217;espatlla <\/span><\/span><\/b><span style=\"font-weight: 400;\"><span style=\"vertical-align: inherit;\"><span style=\"vertical-align: inherit;\">\u00e9s la 3a causa de dolor a nivell musculoesquel\u00e8tic a les consultes d&#8217;Atenci\u00f3 Prim\u00e0ria i en m\u00e9s del <\/span><\/span><\/span><b><span style=\"vertical-align: inherit;\"><span style=\"vertical-align: inherit;\">45% dels casos <\/span><\/span><\/b><span style=\"font-weight: 400;\"><span style=\"vertical-align: inherit;\"><span style=\"vertical-align: inherit;\">es troben <\/span><\/span><\/span><b><span style=\"vertical-align: inherit;\"><span style=\"vertical-align: inherit;\">la tendinitis del supraespin\u00f3s <\/span><\/span><\/b><span style=\"font-weight: 400;\"><span style=\"vertical-align: inherit;\"><span style=\"vertical-align: inherit;\">o del <\/span><\/span><\/span><a href=\"https:\/\/www.google.com\/imgres?imgurl=https%3A%2F%2Fmedlineplus.gov%2Fspanish%2Fency%2Fimages%2Fency%2Ffullsize%2F21755.jpg&amp;imgrefurl=https%3A%2F%2Fmedlineplus.gov%2Fspanish%2Fency%2Farticle%2F000438.htm&amp;tbnid=0m7ZxCbFB8wroM&amp;vet=12ahUKEwjKip20j8D8AhVomycCHbJ6BmwQMygAegUIARDUAQ..i&amp;docid=IvSOsWVUF8jf2M&amp;w=400&amp;h=320&amp;q=manguito%20rotador%20hombro&amp;ved=2ahUKEwjKip20j8D8AhVomycCHbJ6BmwQMygAegUIARDUAQ\" target=\"_blank\" rel=\"noopener\"><span style=\"font-weight: 400;\"><span style=\"vertical-align: inherit;\"><span style=\"vertical-align: inherit;\">maniguet rotador<\/span><\/span><\/span><\/a><span style=\"font-weight: 400;\"><span style=\"vertical-align: inherit;\"><span style=\"vertical-align: inherit;\"> , impingement subacromial i artrosi acromi-clavicular. <\/span><\/span><\/span><span style=\"font-weight: 400;\"><span style=\"vertical-align: inherit;\"><span style=\"vertical-align: inherit;\">D&#8217;aquests casos, nom\u00e9s el 50% t\u00e9 una <\/span><\/span><\/span><b><span style=\"vertical-align: inherit;\"><span style=\"vertical-align: inherit;\">resoluci\u00f3 completa als 6 mesos <\/span><\/span><\/b><span style=\"font-weight: 400;\"><span style=\"vertical-align: inherit;\"><span style=\"vertical-align: inherit;\">i la resta segueixen presentant <\/span><\/span><\/span><b><span style=\"vertical-align: inherit;\"><span style=\"vertical-align: inherit;\">s\u00edmptomes despr\u00e9s d&#8217;un any.\u00a0<\/span><\/span><\/b><\/p>\n<p>&nbsp;<\/p>\n<h2><b><span style=\"vertical-align: inherit;\"><span style=\"vertical-align: inherit;\">Com es produeix la tendinitis del m\u00fascul supraespin\u00f3s<\/span><\/span><\/b><\/h2>\n<p><span style=\"font-weight: 400;\"><span style=\"vertical-align: inherit;\"><span style=\"vertical-align: inherit;\">Segons <\/span><\/span><\/span><b><span style=\"vertical-align: inherit;\"><span style=\"vertical-align: inherit;\">diferents teories acceptades <\/span><\/span><\/b><span style=\"font-weight: 400;\"><span style=\"vertical-align: inherit;\"><span style=\"vertical-align: inherit;\">la <\/span><\/span><\/span><b><span style=\"vertical-align: inherit;\"><span style=\"vertical-align: inherit;\">tendinopatia del supraespin\u00f3s <\/span><\/span><\/b><span style=\"font-weight: 400;\"><span style=\"vertical-align: inherit;\"><span style=\"vertical-align: inherit;\">\u00e9s un <\/span><\/span><\/span><b><span style=\"vertical-align: inherit;\"><span style=\"vertical-align: inherit;\">trastorn dolor\u00f3s <\/span><\/span><\/b><span style=\"font-weight: 400;\"><span style=\"vertical-align: inherit;\"><span style=\"vertical-align: inherit;\">freq\u00fcent que es pot desenvolupar per dos motius:\u00a0<\/span><\/span><\/span><\/p>\n<p>&nbsp;<\/p>\n<p style=\"padding-left: 40px;\"><b><span style=\"vertical-align: inherit;\"><span style=\"vertical-align: inherit;\">1.Origen metab\u00f2lic<\/span><\/span><\/b><\/p>\n<p><span style=\"font-weight: 400;\"><span style=\"vertical-align: inherit;\"><span style=\"vertical-align: inherit;\">La tendinopatia del supraespin\u00f3s pot comen\u00e7ar com una <\/span><\/span><\/span><b><span style=\"vertical-align: inherit;\"><span style=\"vertical-align: inherit;\">insufici\u00e8ncia vascular <\/span><\/span><\/b><span style=\"font-weight: 400;\"><span style=\"vertical-align: inherit;\"><span style=\"vertical-align: inherit;\">el que significa que no est\u00e0 arribant sang de manera adequada a la zona m\u00e9s vulnerable del <\/span><\/span><\/span><b><span style=\"vertical-align: inherit;\"><span style=\"vertical-align: inherit;\">tend\u00f3 <\/span><\/span><\/b><span style=\"font-weight: 400;\"><span style=\"vertical-align: inherit;\"><span style=\"vertical-align: inherit;\">. Aix\u00f2 facilita els processos d&#8217; <\/span><\/span><\/span><b><span style=\"vertical-align: inherit;\"><span style=\"vertical-align: inherit;\">inflamaci\u00f3 <\/span><\/span><\/b><span style=\"font-weight: 400;\"><span style=\"vertical-align: inherit;\"><span style=\"vertical-align: inherit;\">, <\/span><\/span><\/span><b><span style=\"vertical-align: inherit;\"><span style=\"vertical-align: inherit;\">degeneraci\u00f3 i lesi\u00f3 <\/span><\/span><\/b><span style=\"font-weight: 400;\"><span style=\"vertical-align: inherit;\"><span style=\"vertical-align: inherit;\">del mateix. Es creu que fins al 60% s\u00f3n per aquest motiu.\u00a0<\/span><\/span><\/span><\/p>\n<p>&nbsp;<\/p>\n<p style=\"padding-left: 40px;\"><b><span style=\"vertical-align: inherit;\"><span style=\"vertical-align: inherit;\">2. Sobre\u00fas del m\u00fascul<\/span><\/span><\/b><\/p>\n<p><span style=\"font-weight: 400;\"><span style=\"vertical-align: inherit;\"><span style=\"vertical-align: inherit;\">En aquest cas, s\u201f <\/span><\/span><\/span><span style=\"vertical-align: inherit;\"><span style=\"font-weight: 400;\"><span style=\"vertical-align: inherit;\">atribueix m\u00e9s a un <\/span><\/span><b><span style=\"vertical-align: inherit;\">\u00fas excessiu <\/span><\/b><span style=\"font-weight: 400;\"><span style=\"vertical-align: inherit;\">oa una <\/span><\/span><b><span style=\"vertical-align: inherit;\">compressi\u00f3 <\/span><\/b><span style=\"font-weight: 400;\"><span style=\"vertical-align: inherit;\">a partir d\u201funa biomec\u00e0nica alterada de l\u201fespatlla, que a una utilitzaci\u00f3 excessiva del bra\u00e7 en una ocasi\u00f3 concreta.\u00a0<\/span><\/span><\/span><b>\u00a0<\/b><b><\/b><b><\/b><span style=\"font-weight: 400;\">\u00a0<\/span><\/p>\n<h3><em><b><span style=\"vertical-align: inherit;\"><span style=\"vertical-align: inherit;\">Tipus de tendinopaties a l&#8217;espatlla<\/span><\/span><\/b><\/em><\/h3>\n<p><span style=\"font-weight: 400;\"><span style=\"vertical-align: inherit;\"><span style=\"vertical-align: inherit;\">D&#8217;altra banda, les <\/span><\/span><\/span><b><span style=\"vertical-align: inherit;\"><span style=\"vertical-align: inherit;\">tendinopaties <\/span><\/span><\/b><span style=\"font-weight: 400;\"><span style=\"vertical-align: inherit;\"><span style=\"vertical-align: inherit;\">es poden classificar en 3 tipus, dependr\u00e0 de l&#8217; <\/span><\/span><\/span><b><span style=\"vertical-align: inherit;\"><span style=\"vertical-align: inherit;\">estat del teixit <\/span><\/span><\/b><span style=\"font-weight: 400;\"><span style=\"vertical-align: inherit;\"><span style=\"vertical-align: inherit;\">i en quin <\/span><\/span><\/span><b><span style=\"vertical-align: inherit;\"><span style=\"vertical-align: inherit;\">moment es troba la lesi\u00f3, parlem de tend\u00f3:\u00a0<\/span><\/span><\/b><\/p>\n<p>&nbsp;<\/p>\n<ol>\n<li style=\"font-weight: 400;\" aria-level=\"1\"><b><span style=\"vertical-align: inherit;\"><span style=\"vertical-align: inherit;\">Reactiu: <\/span><\/span><\/b><span style=\"font-weight: 400;\"><span style=\"vertical-align: inherit;\"><span style=\"vertical-align: inherit;\">fase de molt dolor, <\/span><\/span><\/span><b><span style=\"vertical-align: inherit;\"><span style=\"vertical-align: inherit;\">s&#8217;acumulen l\u00edquids <\/span><\/span><\/b><span style=\"font-weight: 400;\"><span style=\"vertical-align: inherit;\"><span style=\"vertical-align: inherit;\">per aix\u00f2 augmenta la mida, per\u00f2 no hi ha <\/span><\/span><\/span><b><span style=\"vertical-align: inherit;\"><span style=\"vertical-align: inherit;\">inflamaci\u00f3 <\/span><\/span><\/b><span style=\"font-weight: 400;\"><span style=\"vertical-align: inherit;\"><span style=\"vertical-align: inherit;\">a la zona.\u00a0<\/span><\/span><\/span><\/li>\n<li style=\"font-weight: 400;\" aria-level=\"1\"><b><span style=\"vertical-align: inherit;\"><span style=\"vertical-align: inherit;\">Desestructurat <\/span><\/span><\/b><span style=\"font-weight: 400;\"><span style=\"vertical-align: inherit;\"><span style=\"vertical-align: inherit;\">: no sol ser dolor\u00f3s, desordre fibril\u00b7lar.\u00a0<\/span><\/span><\/span><\/li>\n<li style=\"font-weight: 400;\" aria-level=\"1\"><b><span style=\"vertical-align: inherit;\"><span style=\"vertical-align: inherit;\">Degenerat: <\/span><\/span><\/b><span style=\"font-weight: 400;\"><span style=\"vertical-align: inherit;\"><span style=\"vertical-align: inherit;\">nom\u00e9s hi ha <\/span><\/span><\/span><b><span style=\"vertical-align: inherit;\"><span style=\"vertical-align: inherit;\">dolor <\/span><\/span><\/b><span style=\"font-weight: 400;\"><span style=\"vertical-align: inherit;\"><span style=\"vertical-align: inherit;\">en situaci\u00f3 de sobrec\u00e0rrega.<\/span><\/span><\/span><\/li>\n<\/ol>\n<p>&nbsp;<\/p>\n<h2><b><span style=\"vertical-align: inherit;\"><span style=\"vertical-align: inherit;\">Signes i s\u00edmptomes de la tendinopatia del supraespin\u00f3s<\/span><\/span><\/b><\/h2>\n<p>&nbsp;<\/p>\n<p><span style=\"font-weight: 400;\"><span style=\"vertical-align: inherit;\"><span style=\"vertical-align: inherit;\">Aquest tipus de <\/span><\/span><\/span><b><span style=\"vertical-align: inherit;\"><span style=\"vertical-align: inherit;\">lesi\u00f3 a l&#8217;espatlla <\/span><\/span><\/b><span style=\"font-weight: 400;\"><span style=\"vertical-align: inherit;\"><span style=\"vertical-align: inherit;\">es manifesta amb aquests s\u00edmptomes:\u00a0<\/span><\/span><\/span><\/p>\n<p><span style=\"font-weight: 400;\">\u00a0<\/span><\/p>\n<ul>\n<li style=\"font-weight: 400;\" aria-level=\"1\"><b><span style=\"vertical-align: inherit;\"><span style=\"vertical-align: inherit;\">Dolor a l&#8217;espatlla <\/span><\/span><\/b><span style=\"font-weight: 400;\"><span style=\"vertical-align: inherit;\"><span style=\"vertical-align: inherit;\">: a la cara lateral i anterior, a m\u00e9s s&#8217;est\u00e9n cap al bra\u00e7 i el coll amb for\u00e7a freq\u00fc\u00e8ncia.<\/span><\/span><\/span><\/li>\n<li style=\"font-weight: 400;\" aria-level=\"1\"><b><span style=\"vertical-align: inherit;\"><span style=\"vertical-align: inherit;\">Impot\u00e8ncia funcional: <\/span><\/span><\/b><span style=\"font-weight: 400;\"><span style=\"vertical-align: inherit;\"><span style=\"vertical-align: inherit;\">sobretot a la <\/span><\/span><\/span><b><span style=\"vertical-align: inherit;\"><span style=\"vertical-align: inherit;\">separaci\u00f3 i elevaci\u00f3 del bra\u00e7 i la rotaci\u00f3.<\/span><\/span><\/b><\/li>\n<li style=\"font-weight: 400;\" aria-level=\"1\"><b><span style=\"vertical-align: inherit;\"><span style=\"vertical-align: inherit;\">P\u00e8rdua de for\u00e7a <\/span><\/span><\/b><span style=\"font-weight: 400;\"><span style=\"vertical-align: inherit;\"><span style=\"vertical-align: inherit;\">i de <\/span><\/span><\/span><b><span style=\"vertical-align: inherit;\"><span style=\"vertical-align: inherit;\">rendiment muscular.<\/span><\/span><\/b><\/li>\n<li style=\"font-weight: 400;\" aria-level=\"1\"><span style=\"font-weight: 400;\"><span style=\"vertical-align: inherit;\"><span style=\"vertical-align: inherit;\">Dificultat per <\/span><\/span><\/span><b><span style=\"vertical-align: inherit;\"><span style=\"vertical-align: inherit;\">moure l&#8217;espatlla, <\/span><\/span><\/b><span style=\"font-weight: 400;\"><span style=\"vertical-align: inherit;\"><span style=\"vertical-align: inherit;\">que pot degenerar en all\u00f2 que es coneix com <\/span><\/span><\/span><a href=\"https:\/\/orthoinfo.aaos.org\/es\/diseases--conditions\/hombro-congelado-frozen-shoulder\/\" target=\"_blank\" rel=\"noopener\"><b><span style=\"vertical-align: inherit;\"><span style=\"vertical-align: inherit;\">a espatlla congelada<\/span><\/span><\/b><\/a><span style=\"font-weight: 400;\"><span style=\"vertical-align: inherit;\"><span style=\"vertical-align: inherit;\"> .<\/span><\/span><\/span><\/li>\n<\/ul>\n<p>&nbsp;<\/p>\n<h2><b><span style=\"vertical-align: inherit;\"><span style=\"vertical-align: inherit;\">Qu\u00e8 puc fer perqu\u00e8 no es faci malb\u00e9 el meu tend\u00f3<\/span><\/span><\/b><\/h2>\n<p>&nbsp;<\/p>\n<p><span style=\"font-weight: 400;\"><span style=\"vertical-align: inherit;\"><span style=\"vertical-align: inherit;\">En primer lloc, per evitar <\/span><\/span><\/span><b><span style=\"vertical-align: inherit;\"><span style=\"vertical-align: inherit;\">lesions al maneguet rotador <\/span><\/span><\/b><span style=\"font-weight: 400;\"><span style=\"vertical-align: inherit;\"><span style=\"vertical-align: inherit;\">s&#8217;ha de tenir <\/span><\/span><\/span><b><span style=\"vertical-align: inherit;\"><span style=\"vertical-align: inherit;\">for\u00e7a suficient en la musculatura <\/span><\/span><\/b><span style=\"font-weight: 400;\"><span style=\"vertical-align: inherit;\"><span style=\"vertical-align: inherit;\">del complex articular de l&#8217;espatlla, una bona <\/span><\/span><\/span><b><span style=\"vertical-align: inherit;\"><span style=\"vertical-align: inherit;\">mobilitat articular <\/span><\/span><\/b><span style=\"font-weight: 400;\"><span style=\"vertical-align: inherit;\"><span style=\"vertical-align: inherit;\">i <\/span><\/span><\/span><b><span style=\"vertical-align: inherit;\"><span style=\"vertical-align: inherit;\">flexibilitat de la musculatura <\/span><\/span><\/b><span style=\"font-weight: 400;\"><span style=\"vertical-align: inherit;\"><span style=\"vertical-align: inherit;\">. Per aconseguir aquestes condicions \u00e9s aconsellable:<\/span><\/span><\/span><\/p>\n<p>&nbsp;<\/p>\n<ul>\n<li><b><span style=\"vertical-align: inherit;\"><span style=\"vertical-align: inherit;\">Entrenar <\/span><\/span><\/b><span style=\"font-weight: 400;\"><span style=\"vertical-align: inherit;\"><span style=\"vertical-align: inherit;\">la for\u00e7a i augmentar la c\u00e0rrega d&#8217;entrenament progressivament.<\/span><\/span><\/span><\/li>\n<li><span style=\"font-weight: 400;\"><span style=\"vertical-align: inherit;\"><span style=\"vertical-align: inherit;\">Evitar el <\/span><\/span><\/span><b><span style=\"vertical-align: inherit;\"><span style=\"vertical-align: inherit;\">sedentarisme.\u00a0<\/span><\/span><\/b><\/li>\n<li><span style=\"font-weight: 400;\"><span style=\"vertical-align: inherit;\"><span style=\"vertical-align: inherit;\">Evitar <\/span><\/span><\/span><b><span style=\"vertical-align: inherit;\"><span style=\"vertical-align: inherit;\">postures <\/span><\/span><\/b><span style=\"font-weight: 400;\"><span style=\"vertical-align: inherit;\"><span style=\"vertical-align: inherit;\">mantingudes en el temps.\u00a0\u00a0<\/span><\/span><\/span><\/li>\n<\/ul>\n<p>&nbsp;<\/p>\n<h2><b><span style=\"vertical-align: inherit;\"><span style=\"vertical-align: inherit;\">Com tractem aquesta patologia al Centre Kine<\/span><\/span><\/b><\/h2>\n<p>&nbsp;<\/p>\n<p><span style=\"font-weight: 400;\"><span style=\"vertical-align: inherit;\"><span style=\"vertical-align: inherit;\">A <\/span><\/span><\/span><b><span style=\"vertical-align: inherit;\"><span style=\"vertical-align: inherit;\">Centre Kine <\/span><\/span><\/b><span style=\"font-weight: 400;\"><span style=\"vertical-align: inherit;\"><span style=\"vertical-align: inherit;\">estem acostumats a tractar aquest tipus de patologia i apliquem un tractament integral.\u00a0<\/span><\/span><\/span><\/p>\n<p><span style=\"font-weight: 400;\"><img decoding=\"async\" class=\"lazyload size-medium wp-image-12652 alignleft\" title=\"centre-kine-blog-lesion-espatlla-tendinitis-supraespins\" src=\"data:image\/svg+xml,%3Csvg%20xmlns%3D%27http%3A%2F%2Fwww.w3.org%2F2000%2Fsvg%27%20width%3D%27300%27%20height%3D%27200%27%20viewBox%3D%270%200%20300%20200%27%3E%3Crect%20width%3D%27300%27%20height%3D%27200%27%20fill-opacity%3D%220%22%2F%3E%3C%2Fsvg%3E\" data-orig-src=\"https:\/\/centrekine.com\/wp-content\/uploads\/2023\/01\/Disseny-sense-titol-1-300x200.jpg\" alt=\"Lesi\u00f3 a l'espatlla: tendinitis del supraespin\u00f3s\" width=\"300\" height=\"200\" \/><\/span><\/p>\n<p>&nbsp;<\/p>\n<p><span style=\"font-weight: 400;\"><span style=\"vertical-align: inherit;\"><span style=\"vertical-align: inherit;\">Creiem en un <\/span><\/span><\/span><b><span style=\"vertical-align: inherit;\"><span style=\"vertical-align: inherit;\">tractament global <\/span><\/span><\/b><span style=\"font-weight: 400;\"><span style=\"vertical-align: inherit;\"><span style=\"vertical-align: inherit;\">, no nom\u00e9s des d&#8217;un punt de vista passiu a la llitera, ja que les <\/span><\/span><\/span><b><span style=\"vertical-align: inherit;\"><span style=\"vertical-align: inherit;\">patologies de tend\u00f3 <\/span><\/span><\/b><span style=\"font-weight: 400;\"><span style=\"vertical-align: inherit;\"><span style=\"vertical-align: inherit;\">necessiten un treball actiu per part del pacient per ser recuperat Al principi i per fer un seguiment correcte, <\/span><\/span><\/span><a href=\"https:\/\/centrekine.com\/tractaments1\/ecografia-musculoesqueletica\/\"><b><span style=\"vertical-align: inherit;\"><span style=\"vertical-align: inherit;\">utilitzarem l&#8217;ec\u00f2graf<\/span><\/span><\/b><\/a><span style=\"font-weight: 400;\"><span style=\"vertical-align: inherit;\"><span style=\"vertical-align: inherit;\"> per poder observar correctament levoluci\u00f3 del tend\u00f3.<\/span><\/span><\/span><\/p>\n<p>&nbsp;<\/p>\n<p><span style=\"font-weight: 400;\"><span style=\"vertical-align: inherit;\"><span style=\"vertical-align: inherit;\">Necessitarem almenys de <\/span><\/span><\/span><b><span style=\"vertical-align: inherit;\"><span style=\"vertical-align: inherit;\">8 a 10 setmanes <\/span><\/span><\/b><span style=\"font-weight: 400;\"><span style=\"vertical-align: inherit;\"><span style=\"vertical-align: inherit;\">d&#8217; <\/span><\/span><\/span><b><span style=\"vertical-align: inherit;\"><span style=\"vertical-align: inherit;\">exercici diari <\/span><\/span><\/b><span style=\"font-weight: 400;\"><span style=\"vertical-align: inherit;\"><span style=\"vertical-align: inherit;\">( <\/span><\/span><\/span><a href=\"https:\/\/centrekine.com\/ca\/fisioterapia-a-domicili\/\"><span style=\"font-weight: 400;\"><span style=\"vertical-align: inherit;\"><span style=\"vertical-align: inherit;\">domiciliari<\/span><\/span><\/span><\/a><span style=\"font-weight: 400;\"><span style=\"vertical-align: inherit;\"><span style=\"vertical-align: inherit;\"> o presencial) combinat amb altres <\/span><\/span><\/span><a href=\"https:\/\/centrekine.com\/tractaments\/\"><b><span style=\"vertical-align: inherit;\"><span style=\"vertical-align: inherit;\">tractaments<\/span><\/span><\/b><\/a><span style=\"font-weight: 400;\"><span style=\"vertical-align: inherit;\"><span style=\"vertical-align: inherit;\"> per garantir una recuperaci\u00f3 \u00f2ptima, com ara:<\/span><\/span><\/span><b><\/b><\/p>\n<ul>\n<li><b><span style=\"vertical-align: inherit;\"><span style=\"vertical-align: inherit;\">Electroter\u00e0pia<\/span><\/span><\/b><\/li>\n<li><b><span style=\"vertical-align: inherit;\"><span style=\"vertical-align: inherit;\">Punci\u00f3 seca<\/span><\/span><\/b><\/li>\n<li><a href=\"https:\/\/centrekine.com\/tractaments1\/ones-de-xoc\/\"><b><span style=\"vertical-align: inherit;\"><span style=\"vertical-align: inherit;\">Ones de xoc<\/span><\/span><\/b><\/a><b>\u00a0<\/b><\/li>\n<li><a href=\"https:\/\/centrekine.com\/treatments1\/indiba\/https:\/\/centrekine.com\/treatments1\/indiba\/\"><b><span style=\"vertical-align: inherit;\"><span style=\"vertical-align: inherit;\">Diat\u00e8rmia<\/span><\/span><\/b><\/a><\/li>\n<\/ul>\n<p><span style=\"font-weight: 400;\"><b><\/b><br \/>\n<\/span><span style=\"font-weight: 400;\"><span style=\"vertical-align: inherit;\"><span style=\"vertical-align: inherit;\">Per aix\u00f2 mateix, si t&#8217;han diagnosticat aquesta malaltia et recomanem que ens visitis als nostres centres per ajudar-te i solucionar aquest problema. Ens trobar\u00e0s de <\/span><\/span><\/span><b><span style=\"vertical-align: inherit;\"><span style=\"vertical-align: inherit;\">dilluns a divendres de 8:00 ha 21:00 h <\/span><\/span><\/b><span style=\"font-weight: 400;\"><span style=\"vertical-align: inherit;\"><span style=\"vertical-align: inherit;\">al <\/span><\/span><\/span><a href=\"https:\/\/www.google.com\/maps\/d\/embed?mid=13Rd-cV0r3PpbC6tO2LbONu0MMxY\" target=\"_blank\" rel=\"noopener\"><span style=\"font-weight: 400;\"><span style=\"vertical-align: inherit;\"><span style=\"vertical-align: inherit;\">Passeig de Ronda, 164 i al Carrer Santa Cec\u00edlia, 20<\/span><\/span><\/span><\/a><span style=\"font-weight: 400;\"><span style=\"vertical-align: inherit;\"><span style=\"vertical-align: inherit;\"> , a Lleida. <\/span><\/span><\/span><span style=\"vertical-align: inherit;\"><span style=\"font-weight: 400;\"><span style=\"vertical-align: inherit;\">Tamb\u00e9 pots posar-te en <\/span><\/span><b><span style=\"vertical-align: inherit;\">contacte amb nosaltres <\/span><\/b><span style=\"font-weight: 400;\"><span style=\"vertical-align: inherit;\">a trav\u00e9s del:<\/span><\/span><\/span><span style=\"font-weight: 400;\">\u00a0<\/span><b><\/b><\/p>\n<ul>\n<li style=\"font-weight: 400;\" aria-level=\"1\"><a href=\"https:\/\/centrekine.com\/ca\/contacte\/\"><b><span style=\"vertical-align: inherit;\"><span style=\"vertical-align: inherit;\">Formulari<\/span><\/span><\/b><\/a><span style=\"font-weight: 400;\"><span style=\"vertical-align: inherit;\"><span style=\"vertical-align: inherit;\"> en l\u00ednia.<\/span><\/span><\/span><\/li>\n<li style=\"font-weight: 400;\" aria-level=\"1\"><span style=\"font-weight: 400;\"><span style=\"vertical-align: inherit;\"><span style=\"vertical-align: inherit;\">Tel\u00e8fon 973 233 703\u00a0<\/span><\/span><\/span><\/li>\n<li style=\"font-weight: 400;\" aria-level=\"1\"><span style=\"font-weight: 400;\"><span style=\"vertical-align: inherit;\"><span style=\"vertical-align: inherit;\">WhatsApp: 677 56 16 59<\/span><\/span><\/span><\/li>\n<\/ul>\n<p>&nbsp;<\/p>\n<hr \/>\n<h2><b><span style=\"vertical-align: inherit;\"><span style=\"vertical-align: inherit;\">Refer\u00e8ncies<\/span><\/span><\/b><\/h2>\n<ul>\n<li><span style=\"font-weight: 400;\"><span style=\"vertical-align: inherit;\"><span style=\"vertical-align: inherit;\">Ellenbecker TS, Cools A. Rehabilitaci\u00f3 de shoulder impingement syndrome and rotator cuff injuries: evidence-based review. BJSM. 2010 Apr;44(5):319-27.<\/span><\/span><\/span><\/li>\n<li><span style=\"vertical-align: inherit;\"><span style=\"vertical-align: inherit;\">Lewis JS. Rotator cuff tendinopathy\/subacromial impingement syndrome: \u00e9s el temps per a un nou m\u00e8tode d&#8217;assessment?. Br J Sports Med. 2009;43(4):259-264.<\/span><\/span><\/li>\n<li><span style=\"vertical-align: inherit;\"><span style=\"vertical-align: inherit;\">Jan Dommerholt\/C\u00e9sar Fern\u00e1ndez-de-les-Pe\u00f1as. Punci\u00f3 seca als punts de gallet. Elsevier, Segona Edici\u00f3, 2018.<\/span><\/span><\/li>\n<\/ul>\n","protected":false},"excerpt":{"rendered":"<p>&nbsp; Avui al bloc de Centre Kine parlarem de la tendinopatia o \u201ctendinitis\u201d del supraespin\u00f3s , una lesi\u00f3 de l&#8217;espatlla dolorosa molt freq\u00fcent. A m\u00e9s, analitzarem quines s\u00f3n les causes, com podem evitar que se&#8217;ns faci malb\u00e9 el tend\u00f3 i el tractament que apliquem a\u00a0 Centre Kine.\u00a0\u00a0 L&#8217;espatlla i la tendinitis del m\u00fascul supraespin\u00f3s\u00a0 &nbsp; [&hellip;]<\/p>\n","protected":false},"author":1,"featured_media":18833,"comment_status":"open","ping_status":"open","sticky":false,"template":"","format":"standard","meta":{"_joinchat":[],"footnotes":""},"categories":[1910,1911,1926],"tags":[2121,1914,2250,2251,2127,2252,1932,1916,2253,2254,2255,2256,2257,1936,1946,2258,2259,2260,2261,2262],"acf":[],"yoast_head":"<!-- This site is optimized with the Yoast SEO plugin v24.2 - https:\/\/yoast.com\/wordpress\/plugins\/seo\/ -->\n<title>Lesi\u00f3 a l&#039;espatlla: tendinitis del supraespin\u00f3s - Centre Kine<\/title>\n<meta name=\"robots\" content=\"index, follow, max-snippet:-1, max-image-preview:large, max-video-preview:-1\" \/>\n<link rel=\"canonical\" href=\"https:\/\/centrekine.com\/ca\/lesio-a-lespatlla-tendinitis-del-supraespinos\/\" \/>\n<meta property=\"og:locale\" content=\"ca_ES\" \/>\n<meta property=\"og:type\" content=\"article\" \/>\n<meta property=\"og:title\" content=\"Lesi\u00f3 a l&#039;espatlla: tendinitis del supraespin\u00f3s - Centre Kine\" \/>\n<meta property=\"og:description\" content=\"&nbsp; Avui al bloc de Centre Kine parlarem de la tendinopatia o \u201ctendinitis\u201d del supraespin\u00f3s , una lesi\u00f3 de l&#8217;espatlla dolorosa molt freq\u00fcent. A m\u00e9s, analitzarem quines s\u00f3n les causes, com podem evitar que se&#8217;ns faci malb\u00e9 el tend\u00f3 i el tractament que apliquem a\u00a0 Centre Kine.\u00a0\u00a0 L&#8217;espatlla i la tendinitis del m\u00fascul supraespin\u00f3s\u00a0 &nbsp; [&hellip;]\" \/>\n<meta property=\"og:url\" content=\"https:\/\/centrekine.com\/ca\/lesio-a-lespatlla-tendinitis-del-supraespinos\/\" \/>\n<meta property=\"og:site_name\" content=\"Centre Kine\" \/>\n<meta property=\"article:published_time\" content=\"2024-08-29T06:31:12+00:00\" \/>\n<meta property=\"article:modified_time\" content=\"2025-01-29T08:42:29+00:00\" \/>\n<meta property=\"og:image\" content=\"https:\/\/centrekine.com\/wp-content\/uploads\/2024\/08\/centre-kine-blog-tendinitis-supraespinos-scaled.jpg\" \/>\n\t<meta property=\"og:image:width\" content=\"300\" \/>\n\t<meta property=\"og:image:height\" content=\"200\" \/>\n\t<meta property=\"og:image:type\" content=\"image\/jpeg\" \/>\n<meta name=\"author\" content=\"angel_rfgr2l1f\" \/>\n<meta name=\"twitter:card\" content=\"summary_large_image\" \/>\n<meta name=\"twitter:label1\" content=\"Escrit per\" \/>\n\t<meta name=\"twitter:data1\" content=\"angel_rfgr2l1f\" \/>\n\t<meta name=\"twitter:label2\" content=\"Temps estimat de lectura\" \/>\n\t<meta name=\"twitter:data2\" content=\"4 minuts\" \/>\n<script type=\"application\/ld+json\" class=\"yoast-schema-graph\">{\"@context\":\"https:\/\/schema.org\",\"@graph\":[{\"@type\":\"WebPage\",\"@id\":\"https:\/\/centrekine.com\/ca\/lesio-a-lespatlla-tendinitis-del-supraespinos\/\",\"url\":\"https:\/\/centrekine.com\/ca\/lesio-a-lespatlla-tendinitis-del-supraespinos\/\",\"name\":\"Lesi\u00f3 a l'espatlla: tendinitis del supraespin\u00f3s - Centre Kine\",\"isPartOf\":{\"@id\":\"https:\/\/centrekine.com\/#website\"},\"primaryImageOfPage\":{\"@id\":\"https:\/\/centrekine.com\/ca\/lesio-a-lespatlla-tendinitis-del-supraespinos\/#primaryimage\"},\"image\":{\"@id\":\"https:\/\/centrekine.com\/ca\/lesio-a-lespatlla-tendinitis-del-supraespinos\/#primaryimage\"},\"thumbnailUrl\":\"https:\/\/centrekine.com\/wp-content\/uploads\/2024\/08\/centre-kine-blog-tendinitis-supraespinos-scaled.jpg\",\"datePublished\":\"2024-08-29T06:31:12+00:00\",\"dateModified\":\"2025-01-29T08:42:29+00:00\",\"author\":{\"@id\":\"https:\/\/centrekine.com\/#\/schema\/person\/79e773377c569a732ef029f5ee675192\"},\"breadcrumb\":{\"@id\":\"https:\/\/centrekine.com\/ca\/lesio-a-lespatlla-tendinitis-del-supraespinos\/#breadcrumb\"},\"inLanguage\":\"ca\",\"potentialAction\":[{\"@type\":\"ReadAction\",\"target\":[\"https:\/\/centrekine.com\/ca\/lesio-a-lespatlla-tendinitis-del-supraespinos\/\"]}]},{\"@type\":\"ImageObject\",\"inLanguage\":\"ca\",\"@id\":\"https:\/\/centrekine.com\/ca\/lesio-a-lespatlla-tendinitis-del-supraespinos\/#primaryimage\",\"url\":\"https:\/\/centrekine.com\/wp-content\/uploads\/2024\/08\/centre-kine-blog-tendinitis-supraespinos-scaled.jpg\",\"contentUrl\":\"https:\/\/centrekine.com\/wp-content\/uploads\/2024\/08\/centre-kine-blog-tendinitis-supraespinos-scaled.jpg\",\"width\":300,\"height\":200},{\"@type\":\"BreadcrumbList\",\"@id\":\"https:\/\/centrekine.com\/ca\/lesio-a-lespatlla-tendinitis-del-supraespinos\/#breadcrumb\",\"itemListElement\":[{\"@type\":\"ListItem\",\"position\":1,\"name\":\"Portada\",\"item\":\"https:\/\/centrekine.com\/ca\/\"},{\"@type\":\"ListItem\",\"position\":2,\"name\":\"Lesi\u00f3 a l&#8217;espatlla: tendinitis del supraespin\u00f3s\"}]},{\"@type\":\"WebSite\",\"@id\":\"https:\/\/centrekine.com\/#website\",\"url\":\"https:\/\/centrekine.com\/\",\"name\":\"Centre Kine\",\"description\":\"Fisioter\u00e0pia, Osteopatia i ter\u00e0pies globals a Lleida\",\"potentialAction\":[{\"@type\":\"SearchAction\",\"target\":{\"@type\":\"EntryPoint\",\"urlTemplate\":\"https:\/\/centrekine.com\/?s={search_term_string}\"},\"query-input\":{\"@type\":\"PropertyValueSpecification\",\"valueRequired\":true,\"valueName\":\"search_term_string\"}}],\"inLanguage\":\"ca\"},{\"@type\":\"Person\",\"@id\":\"https:\/\/centrekine.com\/#\/schema\/person\/79e773377c569a732ef029f5ee675192\",\"name\":\"angel_rfgr2l1f\",\"image\":{\"@type\":\"ImageObject\",\"inLanguage\":\"ca\",\"@id\":\"https:\/\/centrekine.com\/#\/schema\/person\/image\/\",\"url\":\"https:\/\/secure.gravatar.com\/avatar\/ad8b00593a2116f47595bdc03abd51a8?s=96&d=mm&r=g\",\"contentUrl\":\"https:\/\/secure.gravatar.com\/avatar\/ad8b00593a2116f47595bdc03abd51a8?s=96&d=mm&r=g\",\"caption\":\"angel_rfgr2l1f\"},\"url\":\"https:\/\/centrekine.com\/ca\/author\/angel_rfgr2l1f\/\"}]}<\/script>\n<!-- \/ Yoast SEO plugin. -->","yoast_head_json":{"title":"Lesi\u00f3 a l'espatlla: tendinitis del supraespin\u00f3s - Centre Kine","robots":{"index":"index","follow":"follow","max-snippet":"max-snippet:-1","max-image-preview":"max-image-preview:large","max-video-preview":"max-video-preview:-1"},"canonical":"https:\/\/centrekine.com\/ca\/lesio-a-lespatlla-tendinitis-del-supraespinos\/","og_locale":"ca_ES","og_type":"article","og_title":"Lesi\u00f3 a l'espatlla: tendinitis del supraespin\u00f3s - Centre Kine","og_description":"&nbsp; Avui al bloc de Centre Kine parlarem de la tendinopatia o \u201ctendinitis\u201d del supraespin\u00f3s , una lesi\u00f3 de l&#8217;espatlla dolorosa molt freq\u00fcent. A m\u00e9s, analitzarem quines s\u00f3n les causes, com podem evitar que se&#8217;ns faci malb\u00e9 el tend\u00f3 i el tractament que apliquem a\u00a0 Centre Kine.\u00a0\u00a0 L&#8217;espatlla i la tendinitis del m\u00fascul supraespin\u00f3s\u00a0 &nbsp; [&hellip;]","og_url":"https:\/\/centrekine.com\/ca\/lesio-a-lespatlla-tendinitis-del-supraespinos\/","og_site_name":"Centre Kine","article_published_time":"2024-08-29T06:31:12+00:00","article_modified_time":"2025-01-29T08:42:29+00:00","og_image":[{"width":300,"height":200,"url":"https:\/\/centrekine.com\/wp-content\/uploads\/2024\/08\/centre-kine-blog-tendinitis-supraespinos-scaled.jpg","type":"image\/jpeg"}],"author":"angel_rfgr2l1f","twitter_card":"summary_large_image","twitter_misc":{"Escrit per":"angel_rfgr2l1f","Temps estimat de lectura":"4 minuts"},"schema":{"@context":"https:\/\/schema.org","@graph":[{"@type":"WebPage","@id":"https:\/\/centrekine.com\/ca\/lesio-a-lespatlla-tendinitis-del-supraespinos\/","url":"https:\/\/centrekine.com\/ca\/lesio-a-lespatlla-tendinitis-del-supraespinos\/","name":"Lesi\u00f3 a l'espatlla: tendinitis del supraespin\u00f3s - Centre Kine","isPartOf":{"@id":"https:\/\/centrekine.com\/#website"},"primaryImageOfPage":{"@id":"https:\/\/centrekine.com\/ca\/lesio-a-lespatlla-tendinitis-del-supraespinos\/#primaryimage"},"image":{"@id":"https:\/\/centrekine.com\/ca\/lesio-a-lespatlla-tendinitis-del-supraespinos\/#primaryimage"},"thumbnailUrl":"https:\/\/centrekine.com\/wp-content\/uploads\/2024\/08\/centre-kine-blog-tendinitis-supraespinos-scaled.jpg","datePublished":"2024-08-29T06:31:12+00:00","dateModified":"2025-01-29T08:42:29+00:00","author":{"@id":"https:\/\/centrekine.com\/#\/schema\/person\/79e773377c569a732ef029f5ee675192"},"breadcrumb":{"@id":"https:\/\/centrekine.com\/ca\/lesio-a-lespatlla-tendinitis-del-supraespinos\/#breadcrumb"},"inLanguage":"ca","potentialAction":[{"@type":"ReadAction","target":["https:\/\/centrekine.com\/ca\/lesio-a-lespatlla-tendinitis-del-supraespinos\/"]}]},{"@type":"ImageObject","inLanguage":"ca","@id":"https:\/\/centrekine.com\/ca\/lesio-a-lespatlla-tendinitis-del-supraespinos\/#primaryimage","url":"https:\/\/centrekine.com\/wp-content\/uploads\/2024\/08\/centre-kine-blog-tendinitis-supraespinos-scaled.jpg","contentUrl":"https:\/\/centrekine.com\/wp-content\/uploads\/2024\/08\/centre-kine-blog-tendinitis-supraespinos-scaled.jpg","width":300,"height":200},{"@type":"BreadcrumbList","@id":"https:\/\/centrekine.com\/ca\/lesio-a-lespatlla-tendinitis-del-supraespinos\/#breadcrumb","itemListElement":[{"@type":"ListItem","position":1,"name":"Portada","item":"https:\/\/centrekine.com\/ca\/"},{"@type":"ListItem","position":2,"name":"Lesi\u00f3 a l&#8217;espatlla: tendinitis del supraespin\u00f3s"}]},{"@type":"WebSite","@id":"https:\/\/centrekine.com\/#website","url":"https:\/\/centrekine.com\/","name":"Centre Kine","description":"Fisioter\u00e0pia, Osteopatia i ter\u00e0pies globals a Lleida","potentialAction":[{"@type":"SearchAction","target":{"@type":"EntryPoint","urlTemplate":"https:\/\/centrekine.com\/?s={search_term_string}"},"query-input":{"@type":"PropertyValueSpecification","valueRequired":true,"valueName":"search_term_string"}}],"inLanguage":"ca"},{"@type":"Person","@id":"https:\/\/centrekine.com\/#\/schema\/person\/79e773377c569a732ef029f5ee675192","name":"angel_rfgr2l1f","image":{"@type":"ImageObject","inLanguage":"ca","@id":"https:\/\/centrekine.com\/#\/schema\/person\/image\/","url":"https:\/\/secure.gravatar.com\/avatar\/ad8b00593a2116f47595bdc03abd51a8?s=96&d=mm&r=g","contentUrl":"https:\/\/secure.gravatar.com\/avatar\/ad8b00593a2116f47595bdc03abd51a8?s=96&d=mm&r=g","caption":"angel_rfgr2l1f"},"url":"https:\/\/centrekine.com\/ca\/author\/angel_rfgr2l1f\/"}]}},"_links":{"self":[{"href":"https:\/\/centrekine.com\/ca\/wp-json\/wp\/v2\/posts\/19883"}],"collection":[{"href":"https:\/\/centrekine.com\/ca\/wp-json\/wp\/v2\/posts"}],"about":[{"href":"https:\/\/centrekine.com\/ca\/wp-json\/wp\/v2\/types\/post"}],"author":[{"embeddable":true,"href":"https:\/\/centrekine.com\/ca\/wp-json\/wp\/v2\/users\/1"}],"replies":[{"embeddable":true,"href":"https:\/\/centrekine.com\/ca\/wp-json\/wp\/v2\/comments?post=19883"}],"version-history":[{"count":2,"href":"https:\/\/centrekine.com\/ca\/wp-json\/wp\/v2\/posts\/19883\/revisions"}],"predecessor-version":[{"id":19887,"href":"https:\/\/centrekine.com\/ca\/wp-json\/wp\/v2\/posts\/19883\/revisions\/19887"}],"wp:featuredmedia":[{"embeddable":true,"href":"https:\/\/centrekine.com\/ca\/wp-json\/wp\/v2\/media\/18833"}],"wp:attachment":[{"href":"https:\/\/centrekine.com\/ca\/wp-json\/wp\/v2\/media?parent=19883"}],"wp:term":[{"taxonomy":"category","embeddable":true,"href":"https:\/\/centrekine.com\/ca\/wp-json\/wp\/v2\/categories?post=19883"},{"taxonomy":"post_tag","embeddable":true,"href":"https:\/\/centrekine.com\/ca\/wp-json\/wp\/v2\/tags?post=19883"}],"curies":[{"name":"wp","href":"https:\/\/api.w.org\/{rel}","templated":true}]}}