{"id":19746,"date":"2024-06-02T12:15:00","date_gmt":"2024-06-02T11:15:00","guid":{"rendered":"https:\/\/centrekine.com\/capsulitis-adhesiva-que-implica-tener-el-hombro-congelado\/"},"modified":"2025-01-28T08:38:25","modified_gmt":"2025-01-28T07:38:25","slug":"capsulitis-adhesiva-que-implica-tenir-lespatlla-congelada","status":"publish","type":"post","link":"https:\/\/centrekine.com\/ca\/capsulitis-adhesiva-que-implica-tenir-lespatlla-congelada\/","title":{"rendered":"Capsulitis adhesiva. Qu\u00e8 implica tenir l&#8217;espatlla congelada?"},"content":{"rendered":"<p><span style=\"font-weight: 400;\"><span style=\"vertical-align: inherit;\"><span style=\"vertical-align: inherit;\">La <\/span><\/span><\/span><b><span style=\"vertical-align: inherit;\"><span style=\"vertical-align: inherit;\">capsulitis adhesiva prim\u00e0ria <\/span><\/span><\/b><span style=\"font-weight: 400;\"><span style=\"vertical-align: inherit;\"><span style=\"vertical-align: inherit;\">o \u201c <\/span><\/span><\/span><b><span style=\"vertical-align: inherit;\"><span style=\"vertical-align: inherit;\">espatlla congelada <\/span><\/span><\/b><span style=\"font-weight: 400;\"><span style=\"vertical-align: inherit;\"><span style=\"vertical-align: inherit;\">\u201d \u00e9s un proc\u00e9s caracteritzat per la p\u00e8rdua progressiva de la mobilitat de l&#8217;articulaci\u00f3 glenohumeral (la principal articulaci\u00f3 de l&#8217;espatlla) activa i passiva acompanyada de mal d&#8217;espatlla.\u00a0\u00a0<\/span><\/span><\/span><\/p>\n<p><span style=\"font-weight: 400;\"><span style=\"vertical-align: inherit;\"><span style=\"vertical-align: inherit;\">El consens majoritari pel que fa a la capsulitis adhesiva \u00e9s que el seu origen \u00e9s encara molt <\/span><\/span><\/span><b><span style=\"vertical-align: inherit;\"><span style=\"vertical-align: inherit;\">desconegut <\/span><\/span><\/b><span style=\"font-weight: 400;\"><span style=\"vertical-align: inherit;\"><span style=\"vertical-align: inherit;\">.<\/span><\/span><\/span><\/p>\n<p><span style=\"font-weight: 400;\"><span style=\"vertical-align: inherit;\"><span style=\"vertical-align: inherit;\">La <\/span><\/span><\/span><b><span style=\"vertical-align: inherit;\"><span style=\"vertical-align: inherit;\">capsulitis adhesiva <\/span><\/span><\/b><span style=\"font-weight: 400;\"><span style=\"vertical-align: inherit;\"><span style=\"vertical-align: inherit;\">t\u00e9 com a caracter\u00edstica m\u00e9s important l&#8217;aparici\u00f3 de mal d&#8217;espatlla acompanyat d&#8217;una disminuci\u00f3 marcada de l&#8217;amplitud de moviment de l&#8217;articulaci\u00f3, ambd\u00f3s limitats per la formaci\u00f3 d&#8217; <\/span><\/span><\/span><b><span style=\"vertical-align: inherit;\"><span style=\"vertical-align: inherit;\">adher\u00e8ncies <\/span><\/span><\/b><span style=\"font-weight: 400;\"><span style=\"vertical-align: inherit;\"><span style=\"vertical-align: inherit;\">de la c\u00e0psula de l&#8217;articulaci\u00f3 glenohumeral.<\/span><\/span><\/span><\/p>\n<p><span style=\"font-weight: 400;\"><span style=\"vertical-align: inherit;\"><span style=\"vertical-align: inherit;\">Sol comen\u00e7ar com una <\/span><\/span><\/span><b><span style=\"vertical-align: inherit;\"><span style=\"vertical-align: inherit;\">reacci\u00f3 inflamat\u00f2ria <\/span><\/span><\/b><span style=\"font-weight: 400;\"><span style=\"vertical-align: inherit;\"><span style=\"vertical-align: inherit;\">amb sinovitis associada que progressa cap a una <\/span><\/span><\/span><b><span style=\"vertical-align: inherit;\"><span style=\"vertical-align: inherit;\">contractura fibr\u00f2tica <\/span><\/span><\/b><span style=\"font-weight: 400;\"><span style=\"vertical-align: inherit;\"><span style=\"vertical-align: inherit;\">de la c\u00e0psula de l&#8217;espatlla.<\/span><\/span><\/span><\/p>\n<p><span style=\"font-weight: 400;\"><span style=\"vertical-align: inherit;\"><span style=\"vertical-align: inherit;\">Els motius pels quals pot apar\u00e8ixer s\u00f3n:<\/span><\/span><\/span><\/p>\n<ul>\n<li><b><\/b><b><span style=\"vertical-align: inherit;\"><span style=\"vertical-align: inherit;\">Qualificacions<\/span><\/span><\/b><\/li>\n<li><b><\/b><span style=\"font-weight: 400;\"><span style=\"vertical-align: inherit;\"><span style=\"vertical-align: inherit;\">Patologia del <\/span><\/span><\/span><b><span style=\"vertical-align: inherit;\"><span style=\"vertical-align: inherit;\">maneguet rotador <\/span><\/span><\/b><span style=\"font-weight: 400;\"><span style=\"vertical-align: inherit;\"><span style=\"vertical-align: inherit;\">o del <\/span><\/span><\/span><b><span style=\"vertical-align: inherit;\"><span style=\"vertical-align: inherit;\">b\u00edceps<\/span><\/span><\/b><\/li>\n<li><b><\/b><span style=\"font-weight: 400;\"><span style=\"vertical-align: inherit;\"><span style=\"vertical-align: inherit;\">Cops o <\/span><\/span><\/span><b><span style=\"vertical-align: inherit;\"><span style=\"vertical-align: inherit;\">traumatismes, <\/span><\/span><\/b><span style=\"font-weight: 400;\"><span style=\"vertical-align: inherit;\"><span style=\"vertical-align: inherit;\">aix\u00ed com <\/span><\/span><\/span><b><span style=\"vertical-align: inherit;\"><span style=\"vertical-align: inherit;\">fractures<\/span><\/span><\/b><\/li>\n<li><b><\/b><span style=\"font-weight: 400;\"><span style=\"vertical-align: inherit;\"><span style=\"vertical-align: inherit;\">Haver <\/span><\/span><\/span><b><span style=\"vertical-align: inherit;\"><span style=\"vertical-align: inherit;\">patit anteriorment alguna lesi\u00f3 <\/span><\/span><\/b><span style=\"font-weight: 400;\"><span style=\"vertical-align: inherit;\"><span style=\"vertical-align: inherit;\">al complex de l&#8217;espatlla<\/span><\/span><\/span><\/li>\n<li><b><\/b><span style=\"font-weight: 400;\"><span style=\"vertical-align: inherit;\"><span style=\"vertical-align: inherit;\">Radiculopaties cervicals<\/span><\/span><\/span><\/li>\n<li><b><\/b><b><span style=\"vertical-align: inherit;\"><span style=\"vertical-align: inherit;\">Sedentarisme, <\/span><\/span><\/b><span style=\"font-weight: 400;\"><span style=\"vertical-align: inherit;\"><span style=\"vertical-align: inherit;\">inactivitat o mobilitat redu\u00efda<\/span><\/span><\/span><\/li>\n<li><b><\/b><b><span style=\"vertical-align: inherit;\"><span style=\"vertical-align: inherit;\">Intervenci\u00f3 quir\u00fargica<\/span><\/span><\/b><\/li>\n<li><b><\/b><span style=\"font-weight: 400;\"><span style=\"vertical-align: inherit;\"><span style=\"vertical-align: inherit;\">Patir alguna <\/span><\/span><\/span><b><span style=\"vertical-align: inherit;\"><span style=\"vertical-align: inherit;\">malaltia neurol\u00f2gica<\/span><\/span><\/b><\/li>\n<li><span style=\"vertical-align: inherit;\"><span style=\"vertical-align: inherit;\">Tamb\u00e9 per <\/span><\/span><b><span style=\"vertical-align: inherit;\"><span style=\"vertical-align: inherit;\">causes sist\u00e8miques<\/span><\/span><\/b><span style=\"vertical-align: inherit;\"><span style=\"vertical-align: inherit;\"> com la <\/span><\/span><b><span style=\"vertical-align: inherit;\"><span style=\"vertical-align: inherit;\">diabetis,<\/span><\/span><\/b><span style=\"vertical-align: inherit;\"><span style=\"vertical-align: inherit;\"> problemes de <\/span><\/span><b><span style=\"vertical-align: inherit;\"><span style=\"vertical-align: inherit;\">tiroide o malalties card\u00edaques<\/span><\/span><\/b><\/li>\n<\/ul>\n<h2><b><span style=\"vertical-align: inherit;\"><span style=\"vertical-align: inherit;\">S\u00edmptomes que presenta la capsulitis adhesiva<\/span><\/span><\/b><\/h2>\n<ul>\n<li style=\"font-weight: 400;\" aria-level=\"1\"><span style=\"font-weight: 400;\"><span style=\"vertical-align: inherit;\"><span style=\"vertical-align: inherit;\">Amb l&#8217;espatlla congelada l&#8217;acci\u00f3 de flexi\u00f3 del bra\u00e7 per sobre del cap o darrere l&#8217;esquena pot estimular la sensaci\u00f3 de <\/span><\/span><\/span><b><span style=\"vertical-align: inherit;\"><span style=\"vertical-align: inherit;\">dolor <\/span><\/span><\/b><span style=\"font-weight: 400;\"><span style=\"vertical-align: inherit;\"><span style=\"vertical-align: inherit;\">i rigidesa.<\/span><\/span><\/span><\/li>\n<li style=\"font-weight: 400;\" aria-level=\"1\"><span style=\"font-weight: 400;\"><span style=\"vertical-align: inherit;\"><span style=\"vertical-align: inherit;\">El dolor sol presentar-se com un <\/span><\/span><\/span><b><span style=\"vertical-align: inherit;\"><span style=\"vertical-align: inherit;\">dolor sord i dif\u00fas <\/span><\/span><\/b><span style=\"font-weight: 400;\"><span style=\"vertical-align: inherit;\"><span style=\"vertical-align: inherit;\">que es pot irradiar cap al b\u00edceps.<\/span><\/span><\/span><\/li>\n<li style=\"font-weight: 400;\" aria-level=\"1\"><span style=\"font-weight: 400;\"><span style=\"vertical-align: inherit;\"><span style=\"vertical-align: inherit;\">L&#8217;alteraci\u00f3 de l&#8217;amplitud de moviment en flexi\u00f3 anterior, abducci\u00f3 i <\/span><\/span><\/span><b><span style=\"vertical-align: inherit;\"><span style=\"vertical-align: inherit;\">rotaci\u00f3 externa i interna <\/span><\/span><\/b><span style=\"font-weight: 400;\"><span style=\"vertical-align: inherit;\"><span style=\"vertical-align: inherit;\">s\u00f3n les principals troballes cl\u00edniques de la capsulitis adhesiva.<\/span><\/span><\/span><\/li>\n<li style=\"font-weight: 400;\" aria-level=\"1\"><span style=\"vertical-align: inherit;\"><span style=\"vertical-align: inherit;\">Rigidesa de l&#8217;articulaci\u00f3 per un temps prolongat d&#8217;un m\u00ednim de <\/span><\/span><b><span style=\"vertical-align: inherit;\"><span style=\"vertical-align: inherit;\">4 a 12 mesos<\/span><\/span><\/b><span style=\"vertical-align: inherit;\"><span style=\"vertical-align: inherit;\"> .<\/span><\/span><\/li>\n<\/ul>\n<h2><b><span style=\"vertical-align: inherit;\"><span style=\"vertical-align: inherit;\">Fases de la capsulitis adhesiva<\/span><\/span><\/b><\/h2>\n<p><span style=\"font-weight: 400;\"><span style=\"vertical-align: inherit;\"><span style=\"vertical-align: inherit;\">Sol progressar en <\/span><\/span><\/span><b><span style=\"vertical-align: inherit;\"><span style=\"vertical-align: inherit;\">tres fases <\/span><\/span><\/b><span style=\"font-weight: 400;\"><span style=\"vertical-align: inherit;\"><span style=\"vertical-align: inherit;\">:<\/span><\/span><\/span><\/p>\n<ul>\n<li style=\"font-weight: 400;\" aria-level=\"1\"><span style=\"font-weight: 400;\"><span style=\"vertical-align: inherit;\"><span style=\"vertical-align: inherit;\">Fase inicial inflamat\u00f2ria <\/span><\/span><\/span><span style=\"font-weight: 400;\"><span style=\"vertical-align: inherit;\"><span style=\"vertical-align: inherit;\">( <\/span><\/span><\/span><b><span style=\"vertical-align: inherit;\"><span style=\"vertical-align: inherit;\">2 a 9 mesos <\/span><\/span><\/b><span style=\"font-weight: 400;\"><span style=\"vertical-align: inherit;\"><span style=\"vertical-align: inherit;\">): dolor dif\u00fas, intens \u2013especialment a la nit. M\u00e9s dolor que rigidesa<\/span><\/span><\/span><\/li>\n<li style=\"font-weight: 400;\" aria-level=\"1\"><span style=\"font-weight: 400;\"><span style=\"vertical-align: inherit;\"><span style=\"vertical-align: inherit;\">Fase interm\u00e8dia <\/span><\/span><\/span><span style=\"font-weight: 400;\"><span style=\"vertical-align: inherit;\"><span style=\"vertical-align: inherit;\">( <\/span><\/span><\/span><b><span style=\"vertical-align: inherit;\"><span style=\"vertical-align: inherit;\">4 a 12 mesos <\/span><\/span><\/b><span style=\"font-weight: 400;\"><span style=\"vertical-align: inherit;\"><span style=\"vertical-align: inherit;\">): rigidesa i restricci\u00f3 important del rang articular amb disminuci\u00f3 del dolor (m\u00e9s rigidesa que dolor)<\/span><\/span><\/span><\/li>\n<li style=\"font-weight: 400;\" aria-level=\"1\"><span style=\"vertical-align: inherit;\"><span style=\"vertical-align: inherit;\">Fase de \u201cdesgel\u201d (thawing), o de <\/span><\/span><b><span style=\"vertical-align: inherit;\"><span style=\"vertical-align: inherit;\">resoluci\u00f3<\/span><\/span><\/b><span style=\"vertical-align: inherit;\"><span style=\"vertical-align: inherit;\"> : retorn gradual del rang articular i resoluci\u00f3 del dolor, sent la durada mitjana del proc\u00e9s total de fins a 30 mesos.<\/span><\/span><\/li>\n<\/ul>\n<h2><b><span style=\"vertical-align: inherit;\"><span style=\"vertical-align: inherit;\">Tractament de la capsulitis adhesiva<\/span><\/span><\/b><\/h2>\n<ul>\n<li><span style=\"font-weight: 400;\"> \u00a0 \u00a0 \u00a0 <\/span><span style=\"font-weight: 400;\"><span style=\"vertical-align: inherit;\"><span style=\"vertical-align: inherit;\">T\u00e8cniques de mobilitzaci\u00f3 intraarticular<\/span><\/span><\/span><\/li>\n<li><span style=\"font-weight: 400;\"> \u00a0 \u00a0 \u00a0 <\/span><span style=\"font-weight: 400;\"><span style=\"vertical-align: inherit;\"><span style=\"vertical-align: inherit;\">Estiraments passius<\/span><\/span><\/span><\/li>\n<li><span style=\"font-weight: 400;\"> \u00a0 \u00a0 \u00a0 <\/span><b><span style=\"vertical-align: inherit;\"><span style=\"vertical-align: inherit;\">Massatge <\/span><\/span><\/b><span style=\"font-weight: 400;\"><span style=\"vertical-align: inherit;\"><span style=\"vertical-align: inherit;\">i alliberament miofascial<\/span><\/span><\/span><\/li>\n<li><span style=\"font-weight: 400;\"> \u00a0 \u00a0 \u00a0 <\/span><b><span style=\"vertical-align: inherit;\"><span style=\"vertical-align: inherit;\">Exercici <\/span><\/span><\/b><span style=\"font-weight: 400;\"><span style=\"vertical-align: inherit;\"><span style=\"vertical-align: inherit;\">terap\u00e8utic<\/span><\/span><\/span><\/li>\n<li><span style=\"font-weight: 400;\"> \u00a0 \u00a0 \u00a0 <\/span><span style=\"font-weight: 400;\"><span style=\"vertical-align: inherit;\"><span style=\"vertical-align: inherit;\">Diat\u00e8rmia o <\/span><\/span><\/span><a href=\"https:\/\/centrekine.com\/treatments1\/indiba\/\"><b><span style=\"vertical-align: inherit;\"><span style=\"vertical-align: inherit;\">Indiba<\/span><\/span><\/b><\/a><\/li>\n<li><span style=\"font-weight: 400;\"> \u00a0 \u00a0 \u00a0 <\/span><span style=\"font-weight: 400;\"><span style=\"vertical-align: inherit;\"><span style=\"vertical-align: inherit;\">Electroestimulaci\u00f3<\/span><\/span><\/span><\/li>\n<li><span style=\"font-weight: 400;\"> \u00a0 \u00a0 \u00a0 <\/span><span style=\"font-weight: 400;\"><span style=\"vertical-align: inherit;\"><span style=\"vertical-align: inherit;\">Antiinflamatoris i analg\u00e8sics<\/span><\/span><\/span><\/li>\n<\/ul>\n<p><span style=\"font-weight: 400;\"><span style=\"vertical-align: inherit;\"><span style=\"vertical-align: inherit;\">Pot ser un proc\u00e9s llarg de fins a 3 anys, aix\u00ed que \u00e9s recomanable acudir a un professional que pugui ajudar a disminuir el temps de rehabilitaci\u00f3 o b\u00e9 reduir la incid\u00e8ncia dels s\u00edmptomes.<\/span><\/span><\/span><\/p>\n<h2><b><span style=\"vertical-align: inherit;\"><span style=\"vertical-align: inherit;\">\u00bf Com et podem ajudar a Centre Kine?<\/span><\/span><\/b><\/h2>\n<p><span style=\"font-weight: 400;\"><span style=\"vertical-align: inherit;\"><span style=\"vertical-align: inherit;\">A Centre Kine disposem de tots els recursos necessaris i fisioterapeutes especialitzats per diagnosticar i tractar aquesta i altres patologies. Podem oferir-te la millor atenci\u00f3 especialitzada per diagnosticar i tractar aquesta i altres patologies. Tenim dues cl\u00edniques a Lleida i l&#8217;equip professional i la tecnologia necess\u00e0ria per ajudar-te.<\/span><\/span><\/span><\/p>\n<p><b><span style=\"vertical-align: inherit;\"><span style=\"vertical-align: inherit;\">Treballem tamb\u00e9 amb les millors m\u00fatues <\/span><\/span><\/b><span style=\"font-weight: 400;\"><span style=\"vertical-align: inherit;\"><span style=\"vertical-align: inherit;\">, que cobreixen el servei de rehabilitaci\u00f3 a trav\u00e9s del qual et pots beneficiar d&#8217;un tractament personalitzat per millorar la simptomatologia i recuperar-te de la lesi\u00f3.<\/span><\/span><\/span><\/p>\n<p><span style=\"font-weight: 400;\"><span style=\"vertical-align: inherit;\"><span style=\"vertical-align: inherit;\">T&#8217;han diagnosticat una capsulitis adhesiva i necessites ajuda?<\/span><\/span><\/span><\/p>\n<p><span style=\"font-weight: 400;\"><span style=\"vertical-align: inherit;\"><span style=\"vertical-align: inherit;\">Disposem de <\/span><\/span><\/span><b><span style=\"vertical-align: inherit;\"><span style=\"vertical-align: inherit;\">dos centres de fisioter\u00e0pia a Lleida <\/span><\/span><\/b><span style=\"font-weight: 400;\"><span style=\"vertical-align: inherit;\"><span style=\"vertical-align: inherit;\">. Ens trobar\u00e0s al <\/span><\/span><\/span><b><span style=\"vertical-align: inherit;\"><span style=\"vertical-align: inherit;\">Passeig de Ronda 164 <\/span><\/span><\/b><span style=\"font-weight: 400;\"><span style=\"vertical-align: inherit;\"><span style=\"vertical-align: inherit;\">i al <\/span><\/span><\/span><b><span style=\"vertical-align: inherit;\"><span style=\"vertical-align: inherit;\">Carrer Santa Cec\u00edlia 20 <\/span><\/span><\/b><span style=\"font-weight: 400;\"><span style=\"vertical-align: inherit;\"><span style=\"vertical-align: inherit;\">. Tamb\u00e9 pots contactar-nos trucant al <\/span><\/span><\/span><b><span style=\"vertical-align: inherit;\"><span style=\"vertical-align: inherit;\">973233703 <\/span><\/span><\/b><span style=\"font-weight: 400;\"><span style=\"vertical-align: inherit;\"><span style=\"vertical-align: inherit;\">, escrivint un WhatsApp al <\/span><\/span><\/span><b><span style=\"vertical-align: inherit;\"><span style=\"vertical-align: inherit;\">677561659 <\/span><\/span><\/b><span style=\"font-weight: 400;\"><span style=\"vertical-align: inherit;\"><span style=\"vertical-align: inherit;\">, a trav\u00e9s de l&#8217;agenda online de la web, o enviant un correu electr\u00f2nic a <\/span><\/span><\/span><a href=\"mailto:info@centrekine.com\"><span style=\"font-weight: 400;\"><span style=\"vertical-align: inherit;\"><span style=\"vertical-align: inherit;\">info@centrekine.com<\/span><\/span><\/span><\/a><\/p>\n<h2><b><span style=\"vertical-align: inherit;\"><span style=\"vertical-align: inherit;\">Bibliografia\u00a0<\/span><\/span><\/b><\/h2>\n<ul>\n<li style=\"font-weight: 400;\" aria-level=\"1\"><span style=\"font-weight: 400;\"><span style=\"vertical-align: inherit;\"><span style=\"vertical-align: inherit;\">Ramirez J. (2019). Adhesive Capsulitis: Diagnosi and Management. American family physician, 99(5), 297\u2013300.<\/span><\/span><\/span><\/li>\n<li style=\"font-weight: 400;\" aria-level=\"1\"><span style=\"font-weight: 400;\"><span style=\"vertical-align: inherit;\"><span style=\"vertical-align: inherit;\">Redler, LH, &amp; Dennis, ER (2019). Treatment of Adhesive Capsulitis of the Shoulder. Journal of American Academy of Orthopaedic Surgeons, 27(12), e544\u2013e554.<\/span><\/span><\/span><\/li>\n<li style=\"font-weight: 400;\" aria-level=\"1\"><span style=\"font-weight: 400;\"><span style=\"vertical-align: inherit;\"><span style=\"vertical-align: inherit;\">Ricci M. (2021). Adhesive capsulitis: A review for clinicians.<\/span><\/span><\/span><\/li>\n<li style=\"font-weight: 400;\" aria-level=\"1\"><span style=\"font-weight: 400;\"><span style=\"vertical-align: inherit;\"><span style=\"vertical-align: inherit;\">Costantino, C., Nuresi, C., Ammendolia, A., Ap, L., &amp; Frizziero, A. (2022). Rehabilitative treatments in adhesive capsulitis: a systematic review. The Journal of sports medicine and physical fitness, 62(11), 1505\u20131511.<\/span><\/span><\/span><\/li>\n<\/ul>\n","protected":false},"excerpt":{"rendered":"<p>La capsulitis adhesiva prim\u00e0ria o \u201c espatlla congelada \u201d \u00e9s un proc\u00e9s caracteritzat per la p\u00e8rdua progressiva de la mobilitat de l&#8217;articulaci\u00f3 glenohumeral (la principal articulaci\u00f3 de l&#8217;espatlla) activa i passiva acompanyada de mal d&#8217;espatlla.\u00a0\u00a0 El consens majoritari pel que fa a la capsulitis adhesiva \u00e9s que el seu origen \u00e9s encara molt desconegut . [&hellip;]<\/p>\n","protected":false},"author":1,"featured_media":18503,"comment_status":"open","ping_status":"open","sticky":false,"template":"","format":"standard","meta":{"_joinchat":[],"footnotes":""},"categories":[1910,1911,1912],"tags":[2189,2190,1914,1915,1916,1917,1918],"acf":[],"yoast_head":"<!-- This site is optimized with the Yoast SEO plugin v24.2 - https:\/\/yoast.com\/wordpress\/plugins\/seo\/ -->\n<title>Capsulitis adhesiva. Qu\u00e8 implica tenir l&#039;espatlla congelada? - Centre Kine<\/title>\n<meta name=\"robots\" content=\"index, follow, max-snippet:-1, max-image-preview:large, max-video-preview:-1\" \/>\n<link rel=\"canonical\" href=\"https:\/\/centrekine.com\/ca\/capsulitis-adhesiva-que-implica-tenir-lespatlla-congelada\/\" \/>\n<meta property=\"og:locale\" content=\"ca_ES\" \/>\n<meta property=\"og:type\" content=\"article\" \/>\n<meta property=\"og:title\" content=\"Capsulitis adhesiva. Qu\u00e8 implica tenir l&#039;espatlla congelada? - Centre Kine\" \/>\n<meta property=\"og:description\" content=\"La capsulitis adhesiva prim\u00e0ria o \u201c espatlla congelada \u201d \u00e9s un proc\u00e9s caracteritzat per la p\u00e8rdua progressiva de la mobilitat de l&#8217;articulaci\u00f3 glenohumeral (la principal articulaci\u00f3 de l&#8217;espatlla) activa i passiva acompanyada de mal d&#8217;espatlla.\u00a0\u00a0 El consens majoritari pel que fa a la capsulitis adhesiva \u00e9s que el seu origen \u00e9s encara molt desconegut . [&hellip;]\" \/>\n<meta property=\"og:url\" content=\"https:\/\/centrekine.com\/ca\/capsulitis-adhesiva-que-implica-tenir-lespatlla-congelada\/\" \/>\n<meta property=\"og:site_name\" content=\"Centre Kine\" \/>\n<meta property=\"article:published_time\" content=\"2024-06-02T11:15:00+00:00\" \/>\n<meta property=\"article:modified_time\" content=\"2025-01-28T07:38:25+00:00\" \/>\n<meta property=\"og:image\" content=\"https:\/\/centrekine.com\/wp-content\/uploads\/2024\/02\/capsulitis-adhesiva-centre-kine.jpg\" \/>\n\t<meta property=\"og:image:width\" content=\"900\" \/>\n\t<meta property=\"og:image:height\" content=\"400\" \/>\n\t<meta property=\"og:image:type\" content=\"image\/jpeg\" \/>\n<meta name=\"author\" content=\"angel_rfgr2l1f\" \/>\n<meta name=\"twitter:card\" content=\"summary_large_image\" \/>\n<meta name=\"twitter:label1\" content=\"Escrit per\" \/>\n\t<meta name=\"twitter:data1\" content=\"angel_rfgr2l1f\" \/>\n\t<meta name=\"twitter:label2\" content=\"Temps estimat de lectura\" \/>\n\t<meta name=\"twitter:data2\" content=\"4 minuts\" \/>\n<script type=\"application\/ld+json\" class=\"yoast-schema-graph\">{\"@context\":\"https:\/\/schema.org\",\"@graph\":[{\"@type\":\"WebPage\",\"@id\":\"https:\/\/centrekine.com\/ca\/capsulitis-adhesiva-que-implica-tenir-lespatlla-congelada\/\",\"url\":\"https:\/\/centrekine.com\/ca\/capsulitis-adhesiva-que-implica-tenir-lespatlla-congelada\/\",\"name\":\"Capsulitis adhesiva. Qu\u00e8 implica tenir l'espatlla congelada? - Centre Kine\",\"isPartOf\":{\"@id\":\"https:\/\/centrekine.com\/#website\"},\"primaryImageOfPage\":{\"@id\":\"https:\/\/centrekine.com\/ca\/capsulitis-adhesiva-que-implica-tenir-lespatlla-congelada\/#primaryimage\"},\"image\":{\"@id\":\"https:\/\/centrekine.com\/ca\/capsulitis-adhesiva-que-implica-tenir-lespatlla-congelada\/#primaryimage\"},\"thumbnailUrl\":\"https:\/\/centrekine.com\/wp-content\/uploads\/2024\/02\/capsulitis-adhesiva-centre-kine.jpg\",\"datePublished\":\"2024-06-02T11:15:00+00:00\",\"dateModified\":\"2025-01-28T07:38:25+00:00\",\"author\":{\"@id\":\"https:\/\/centrekine.com\/#\/schema\/person\/79e773377c569a732ef029f5ee675192\"},\"breadcrumb\":{\"@id\":\"https:\/\/centrekine.com\/ca\/capsulitis-adhesiva-que-implica-tenir-lespatlla-congelada\/#breadcrumb\"},\"inLanguage\":\"ca\",\"potentialAction\":[{\"@type\":\"ReadAction\",\"target\":[\"https:\/\/centrekine.com\/ca\/capsulitis-adhesiva-que-implica-tenir-lespatlla-congelada\/\"]}]},{\"@type\":\"ImageObject\",\"inLanguage\":\"ca\",\"@id\":\"https:\/\/centrekine.com\/ca\/capsulitis-adhesiva-que-implica-tenir-lespatlla-congelada\/#primaryimage\",\"url\":\"https:\/\/centrekine.com\/wp-content\/uploads\/2024\/02\/capsulitis-adhesiva-centre-kine.jpg\",\"contentUrl\":\"https:\/\/centrekine.com\/wp-content\/uploads\/2024\/02\/capsulitis-adhesiva-centre-kine.jpg\",\"width\":900,\"height\":400},{\"@type\":\"BreadcrumbList\",\"@id\":\"https:\/\/centrekine.com\/ca\/capsulitis-adhesiva-que-implica-tenir-lespatlla-congelada\/#breadcrumb\",\"itemListElement\":[{\"@type\":\"ListItem\",\"position\":1,\"name\":\"Portada\",\"item\":\"https:\/\/centrekine.com\/ca\/\"},{\"@type\":\"ListItem\",\"position\":2,\"name\":\"Capsulitis adhesiva. Qu\u00e8 implica tenir l&#8217;espatlla congelada?\"}]},{\"@type\":\"WebSite\",\"@id\":\"https:\/\/centrekine.com\/#website\",\"url\":\"https:\/\/centrekine.com\/\",\"name\":\"Centre Kine\",\"description\":\"Fisioter\u00e0pia, Osteopatia i ter\u00e0pies globals a Lleida\",\"potentialAction\":[{\"@type\":\"SearchAction\",\"target\":{\"@type\":\"EntryPoint\",\"urlTemplate\":\"https:\/\/centrekine.com\/?s={search_term_string}\"},\"query-input\":{\"@type\":\"PropertyValueSpecification\",\"valueRequired\":true,\"valueName\":\"search_term_string\"}}],\"inLanguage\":\"ca\"},{\"@type\":\"Person\",\"@id\":\"https:\/\/centrekine.com\/#\/schema\/person\/79e773377c569a732ef029f5ee675192\",\"name\":\"angel_rfgr2l1f\",\"image\":{\"@type\":\"ImageObject\",\"inLanguage\":\"ca\",\"@id\":\"https:\/\/centrekine.com\/#\/schema\/person\/image\/\",\"url\":\"https:\/\/secure.gravatar.com\/avatar\/ad8b00593a2116f47595bdc03abd51a8?s=96&d=mm&r=g\",\"contentUrl\":\"https:\/\/secure.gravatar.com\/avatar\/ad8b00593a2116f47595bdc03abd51a8?s=96&d=mm&r=g\",\"caption\":\"angel_rfgr2l1f\"},\"url\":\"https:\/\/centrekine.com\/ca\/author\/angel_rfgr2l1f\/\"}]}<\/script>\n<!-- \/ Yoast SEO plugin. -->","yoast_head_json":{"title":"Capsulitis adhesiva. Qu\u00e8 implica tenir l'espatlla congelada? - Centre Kine","robots":{"index":"index","follow":"follow","max-snippet":"max-snippet:-1","max-image-preview":"max-image-preview:large","max-video-preview":"max-video-preview:-1"},"canonical":"https:\/\/centrekine.com\/ca\/capsulitis-adhesiva-que-implica-tenir-lespatlla-congelada\/","og_locale":"ca_ES","og_type":"article","og_title":"Capsulitis adhesiva. Qu\u00e8 implica tenir l'espatlla congelada? - Centre Kine","og_description":"La capsulitis adhesiva prim\u00e0ria o \u201c espatlla congelada \u201d \u00e9s un proc\u00e9s caracteritzat per la p\u00e8rdua progressiva de la mobilitat de l&#8217;articulaci\u00f3 glenohumeral (la principal articulaci\u00f3 de l&#8217;espatlla) activa i passiva acompanyada de mal d&#8217;espatlla.\u00a0\u00a0 El consens majoritari pel que fa a la capsulitis adhesiva \u00e9s que el seu origen \u00e9s encara molt desconegut . [&hellip;]","og_url":"https:\/\/centrekine.com\/ca\/capsulitis-adhesiva-que-implica-tenir-lespatlla-congelada\/","og_site_name":"Centre Kine","article_published_time":"2024-06-02T11:15:00+00:00","article_modified_time":"2025-01-28T07:38:25+00:00","og_image":[{"width":900,"height":400,"url":"https:\/\/centrekine.com\/wp-content\/uploads\/2024\/02\/capsulitis-adhesiva-centre-kine.jpg","type":"image\/jpeg"}],"author":"angel_rfgr2l1f","twitter_card":"summary_large_image","twitter_misc":{"Escrit per":"angel_rfgr2l1f","Temps estimat de lectura":"4 minuts"},"schema":{"@context":"https:\/\/schema.org","@graph":[{"@type":"WebPage","@id":"https:\/\/centrekine.com\/ca\/capsulitis-adhesiva-que-implica-tenir-lespatlla-congelada\/","url":"https:\/\/centrekine.com\/ca\/capsulitis-adhesiva-que-implica-tenir-lespatlla-congelada\/","name":"Capsulitis adhesiva. Qu\u00e8 implica tenir l'espatlla congelada? - Centre Kine","isPartOf":{"@id":"https:\/\/centrekine.com\/#website"},"primaryImageOfPage":{"@id":"https:\/\/centrekine.com\/ca\/capsulitis-adhesiva-que-implica-tenir-lespatlla-congelada\/#primaryimage"},"image":{"@id":"https:\/\/centrekine.com\/ca\/capsulitis-adhesiva-que-implica-tenir-lespatlla-congelada\/#primaryimage"},"thumbnailUrl":"https:\/\/centrekine.com\/wp-content\/uploads\/2024\/02\/capsulitis-adhesiva-centre-kine.jpg","datePublished":"2024-06-02T11:15:00+00:00","dateModified":"2025-01-28T07:38:25+00:00","author":{"@id":"https:\/\/centrekine.com\/#\/schema\/person\/79e773377c569a732ef029f5ee675192"},"breadcrumb":{"@id":"https:\/\/centrekine.com\/ca\/capsulitis-adhesiva-que-implica-tenir-lespatlla-congelada\/#breadcrumb"},"inLanguage":"ca","potentialAction":[{"@type":"ReadAction","target":["https:\/\/centrekine.com\/ca\/capsulitis-adhesiva-que-implica-tenir-lespatlla-congelada\/"]}]},{"@type":"ImageObject","inLanguage":"ca","@id":"https:\/\/centrekine.com\/ca\/capsulitis-adhesiva-que-implica-tenir-lespatlla-congelada\/#primaryimage","url":"https:\/\/centrekine.com\/wp-content\/uploads\/2024\/02\/capsulitis-adhesiva-centre-kine.jpg","contentUrl":"https:\/\/centrekine.com\/wp-content\/uploads\/2024\/02\/capsulitis-adhesiva-centre-kine.jpg","width":900,"height":400},{"@type":"BreadcrumbList","@id":"https:\/\/centrekine.com\/ca\/capsulitis-adhesiva-que-implica-tenir-lespatlla-congelada\/#breadcrumb","itemListElement":[{"@type":"ListItem","position":1,"name":"Portada","item":"https:\/\/centrekine.com\/ca\/"},{"@type":"ListItem","position":2,"name":"Capsulitis adhesiva. Qu\u00e8 implica tenir l&#8217;espatlla congelada?"}]},{"@type":"WebSite","@id":"https:\/\/centrekine.com\/#website","url":"https:\/\/centrekine.com\/","name":"Centre Kine","description":"Fisioter\u00e0pia, Osteopatia i ter\u00e0pies globals a Lleida","potentialAction":[{"@type":"SearchAction","target":{"@type":"EntryPoint","urlTemplate":"https:\/\/centrekine.com\/?s={search_term_string}"},"query-input":{"@type":"PropertyValueSpecification","valueRequired":true,"valueName":"search_term_string"}}],"inLanguage":"ca"},{"@type":"Person","@id":"https:\/\/centrekine.com\/#\/schema\/person\/79e773377c569a732ef029f5ee675192","name":"angel_rfgr2l1f","image":{"@type":"ImageObject","inLanguage":"ca","@id":"https:\/\/centrekine.com\/#\/schema\/person\/image\/","url":"https:\/\/secure.gravatar.com\/avatar\/ad8b00593a2116f47595bdc03abd51a8?s=96&d=mm&r=g","contentUrl":"https:\/\/secure.gravatar.com\/avatar\/ad8b00593a2116f47595bdc03abd51a8?s=96&d=mm&r=g","caption":"angel_rfgr2l1f"},"url":"https:\/\/centrekine.com\/ca\/author\/angel_rfgr2l1f\/"}]}},"_links":{"self":[{"href":"https:\/\/centrekine.com\/ca\/wp-json\/wp\/v2\/posts\/19746"}],"collection":[{"href":"https:\/\/centrekine.com\/ca\/wp-json\/wp\/v2\/posts"}],"about":[{"href":"https:\/\/centrekine.com\/ca\/wp-json\/wp\/v2\/types\/post"}],"author":[{"embeddable":true,"href":"https:\/\/centrekine.com\/ca\/wp-json\/wp\/v2\/users\/1"}],"replies":[{"embeddable":true,"href":"https:\/\/centrekine.com\/ca\/wp-json\/wp\/v2\/comments?post=19746"}],"version-history":[{"count":1,"href":"https:\/\/centrekine.com\/ca\/wp-json\/wp\/v2\/posts\/19746\/revisions"}],"predecessor-version":[{"id":19747,"href":"https:\/\/centrekine.com\/ca\/wp-json\/wp\/v2\/posts\/19746\/revisions\/19747"}],"wp:featuredmedia":[{"embeddable":true,"href":"https:\/\/centrekine.com\/ca\/wp-json\/wp\/v2\/media\/18503"}],"wp:attachment":[{"href":"https:\/\/centrekine.com\/ca\/wp-json\/wp\/v2\/media?parent=19746"}],"wp:term":[{"taxonomy":"category","embeddable":true,"href":"https:\/\/centrekine.com\/ca\/wp-json\/wp\/v2\/categories?post=19746"},{"taxonomy":"post_tag","embeddable":true,"href":"https:\/\/centrekine.com\/ca\/wp-json\/wp\/v2\/tags?post=19746"}],"curies":[{"name":"wp","href":"https:\/\/api.w.org\/{rel}","templated":true}]}}