{"id":19707,"date":"2024-08-29T07:30:59","date_gmt":"2024-08-29T06:30:59","guid":{"rendered":"https:\/\/centrekine.com\/salud-intestinal-charla-al-punt-eco\/"},"modified":"2025-01-27T12:16:08","modified_gmt":"2025-01-27T11:16:08","slug":"salut-intestinal-xerrada-al-punt-eco","status":"publish","type":"post","link":"https:\/\/centrekine.com\/ca\/salut-intestinal-xerrada-al-punt-eco\/","title":{"rendered":"Salut intestinal: xerrada al Punt Eco"},"content":{"rendered":"<div class=\"_Ejb\">\n<div id=\"tw-target\">\n<div id=\"tw-target-text-container\" class=\"tw-ta-container tw-nfl\">\n<p id=\"tw-target-text\" class=\"tw-data-text tw-ta tw-text-small\" dir=\"ltr\" data-placeholder=\"Traducci\u00f3n\"><span lang=\"es\"><span style=\"vertical-align: inherit;\"><span style=\"vertical-align: inherit;\">Aquest mes de Maig, Jordi Segura, ha fet una xerrada al <\/span><\/span><strong><span style=\"vertical-align: inherit;\"><span style=\"vertical-align: inherit;\">Punto Eco<\/span><\/span><\/strong><span style=\"vertical-align: inherit;\"><span style=\"vertical-align: inherit;\"> sobre la import\u00e0ncia de la salut intestinal.<\/span><\/span><\/span><\/p>\n<p class=\"tw-data-text tw-ta tw-text-small\" dir=\"ltr\" data-placeholder=\"Traducci\u00f3n\"><span style=\"vertical-align: inherit;\"><span style=\"vertical-align: inherit;\">Espero que hagi estat del teu inter\u00e8s. <\/span><\/span><br \/>\n<span style=\"vertical-align: inherit;\"><span style=\"vertical-align: inherit;\">Una abra\u00e7ada, <\/span><\/span><br \/>\n<span style=\"vertical-align: inherit;\"><span style=\"vertical-align: inherit;\">Jordi Segura. <\/span><\/span><br \/>\n<span style=\"vertical-align: inherit;\"><span style=\"vertical-align: inherit;\">Director i oste\u00f2pata de Centre Kine.<\/span><\/span><\/p>\n<\/div>\n<\/div>\n<\/div>\n","protected":false},"excerpt":{"rendered":"<p>Aquest mes de Maig, Jordi Segura, ha fet una xerrada al Punto Eco sobre la import\u00e0ncia de la salut intestinal. Espero que hagi estat del teu inter\u00e8s. Una abra\u00e7ada, Jordi Segura. Director i oste\u00f2pata de Centre Kine.<\/p>\n","protected":false},"author":1,"featured_media":18738,"comment_status":"open","ping_status":"open","sticky":false,"template":"","format":"standard","meta":{"_joinchat":[],"footnotes":""},"categories":[1924],"tags":[1914,2162,2018],"acf":[],"yoast_head":"<!-- This site is optimized with the Yoast SEO plugin v24.2 - https:\/\/yoast.com\/wordpress\/plugins\/seo\/ -->\n<title>Salut intestinal: xerrada al Punt Eco - Centre Kine<\/title>\n<meta name=\"robots\" content=\"index, follow, max-snippet:-1, max-image-preview:large, max-video-preview:-1\" \/>\n<link rel=\"canonical\" href=\"https:\/\/centrekine.com\/ca\/salut-intestinal-xerrada-al-punt-eco\/\" \/>\n<meta property=\"og:locale\" content=\"ca_ES\" \/>\n<meta property=\"og:type\" content=\"article\" \/>\n<meta property=\"og:title\" content=\"Salut intestinal: xerrada al Punt Eco - Centre Kine\" \/>\n<meta property=\"og:description\" content=\"Aquest mes de Maig, Jordi Segura, ha fet una xerrada al Punto Eco sobre la import\u00e0ncia de la salut intestinal. Espero que hagi estat del teu inter\u00e8s. Una abra\u00e7ada, Jordi Segura. Director i oste\u00f2pata de Centre Kine.\" \/>\n<meta property=\"og:url\" content=\"https:\/\/centrekine.com\/ca\/salut-intestinal-xerrada-al-punt-eco\/\" \/>\n<meta property=\"og:site_name\" content=\"Centre Kine\" \/>\n<meta property=\"article:published_time\" content=\"2024-08-29T06:30:59+00:00\" \/>\n<meta property=\"article:modified_time\" content=\"2025-01-27T11:16:08+00:00\" \/>\n<meta property=\"og:image\" content=\"https:\/\/centrekine.com\/wp-content\/uploads\/2024\/08\/IMG-20170517-WA0000.jpg\" \/>\n\t<meta property=\"og:image:width\" content=\"1\" \/>\n\t<meta property=\"og:image:height\" content=\"1\" \/>\n\t<meta property=\"og:image:type\" content=\"image\/jpeg\" \/>\n<meta name=\"author\" content=\"angel_rfgr2l1f\" \/>\n<meta name=\"twitter:card\" content=\"summary_large_image\" \/>\n<meta name=\"twitter:label1\" content=\"Escrit per\" \/>\n\t<meta name=\"twitter:data1\" content=\"angel_rfgr2l1f\" \/>\n\t<meta name=\"twitter:label2\" content=\"Temps estimat de lectura\" \/>\n\t<meta name=\"twitter:data2\" content=\"1 minut\" \/>\n<script type=\"application\/ld+json\" class=\"yoast-schema-graph\">{\"@context\":\"https:\/\/schema.org\",\"@graph\":[{\"@type\":\"WebPage\",\"@id\":\"https:\/\/centrekine.com\/ca\/salut-intestinal-xerrada-al-punt-eco\/\",\"url\":\"https:\/\/centrekine.com\/ca\/salut-intestinal-xerrada-al-punt-eco\/\",\"name\":\"Salut intestinal: xerrada al Punt Eco - Centre Kine\",\"isPartOf\":{\"@id\":\"https:\/\/centrekine.com\/#website\"},\"primaryImageOfPage\":{\"@id\":\"https:\/\/centrekine.com\/ca\/salut-intestinal-xerrada-al-punt-eco\/#primaryimage\"},\"image\":{\"@id\":\"https:\/\/centrekine.com\/ca\/salut-intestinal-xerrada-al-punt-eco\/#primaryimage\"},\"thumbnailUrl\":\"https:\/\/centrekine.com\/wp-content\/uploads\/2024\/08\/IMG-20170517-WA0000.jpg\",\"datePublished\":\"2024-08-29T06:30:59+00:00\",\"dateModified\":\"2025-01-27T11:16:08+00:00\",\"author\":{\"@id\":\"https:\/\/centrekine.com\/#\/schema\/person\/79e773377c569a732ef029f5ee675192\"},\"breadcrumb\":{\"@id\":\"https:\/\/centrekine.com\/ca\/salut-intestinal-xerrada-al-punt-eco\/#breadcrumb\"},\"inLanguage\":\"ca\",\"potentialAction\":[{\"@type\":\"ReadAction\",\"target\":[\"https:\/\/centrekine.com\/ca\/salut-intestinal-xerrada-al-punt-eco\/\"]}]},{\"@type\":\"ImageObject\",\"inLanguage\":\"ca\",\"@id\":\"https:\/\/centrekine.com\/ca\/salut-intestinal-xerrada-al-punt-eco\/#primaryimage\",\"url\":\"https:\/\/centrekine.com\/wp-content\/uploads\/2024\/08\/IMG-20170517-WA0000.jpg\",\"contentUrl\":\"https:\/\/centrekine.com\/wp-content\/uploads\/2024\/08\/IMG-20170517-WA0000.jpg\"},{\"@type\":\"BreadcrumbList\",\"@id\":\"https:\/\/centrekine.com\/ca\/salut-intestinal-xerrada-al-punt-eco\/#breadcrumb\",\"itemListElement\":[{\"@type\":\"ListItem\",\"position\":1,\"name\":\"Portada\",\"item\":\"https:\/\/centrekine.com\/ca\/\"},{\"@type\":\"ListItem\",\"position\":2,\"name\":\"Salut intestinal: xerrada al Punt Eco\"}]},{\"@type\":\"WebSite\",\"@id\":\"https:\/\/centrekine.com\/#website\",\"url\":\"https:\/\/centrekine.com\/\",\"name\":\"Centre Kine\",\"description\":\"Fisioter\u00e0pia, Osteopatia i ter\u00e0pies globals a Lleida\",\"potentialAction\":[{\"@type\":\"SearchAction\",\"target\":{\"@type\":\"EntryPoint\",\"urlTemplate\":\"https:\/\/centrekine.com\/?s={search_term_string}\"},\"query-input\":{\"@type\":\"PropertyValueSpecification\",\"valueRequired\":true,\"valueName\":\"search_term_string\"}}],\"inLanguage\":\"ca\"},{\"@type\":\"Person\",\"@id\":\"https:\/\/centrekine.com\/#\/schema\/person\/79e773377c569a732ef029f5ee675192\",\"name\":\"angel_rfgr2l1f\",\"image\":{\"@type\":\"ImageObject\",\"inLanguage\":\"ca\",\"@id\":\"https:\/\/centrekine.com\/#\/schema\/person\/image\/\",\"url\":\"https:\/\/secure.gravatar.com\/avatar\/ad8b00593a2116f47595bdc03abd51a8?s=96&d=mm&r=g\",\"contentUrl\":\"https:\/\/secure.gravatar.com\/avatar\/ad8b00593a2116f47595bdc03abd51a8?s=96&d=mm&r=g\",\"caption\":\"angel_rfgr2l1f\"},\"url\":\"https:\/\/centrekine.com\/ca\/author\/angel_rfgr2l1f\/\"}]}<\/script>\n<!-- \/ Yoast SEO plugin. -->","yoast_head_json":{"title":"Salut intestinal: xerrada al Punt Eco - Centre Kine","robots":{"index":"index","follow":"follow","max-snippet":"max-snippet:-1","max-image-preview":"max-image-preview:large","max-video-preview":"max-video-preview:-1"},"canonical":"https:\/\/centrekine.com\/ca\/salut-intestinal-xerrada-al-punt-eco\/","og_locale":"ca_ES","og_type":"article","og_title":"Salut intestinal: xerrada al Punt Eco - Centre Kine","og_description":"Aquest mes de Maig, Jordi Segura, ha fet una xerrada al Punto Eco sobre la import\u00e0ncia de la salut intestinal. Espero que hagi estat del teu inter\u00e8s. Una abra\u00e7ada, Jordi Segura. Director i oste\u00f2pata de Centre Kine.","og_url":"https:\/\/centrekine.com\/ca\/salut-intestinal-xerrada-al-punt-eco\/","og_site_name":"Centre Kine","article_published_time":"2024-08-29T06:30:59+00:00","article_modified_time":"2025-01-27T11:16:08+00:00","og_image":[{"url":"https:\/\/centrekine.com\/wp-content\/uploads\/2024\/08\/IMG-20170517-WA0000.jpg","width":1,"height":1,"type":"image\/jpeg"}],"author":"angel_rfgr2l1f","twitter_card":"summary_large_image","twitter_misc":{"Escrit per":"angel_rfgr2l1f","Temps estimat de lectura":"1 minut"},"schema":{"@context":"https:\/\/schema.org","@graph":[{"@type":"WebPage","@id":"https:\/\/centrekine.com\/ca\/salut-intestinal-xerrada-al-punt-eco\/","url":"https:\/\/centrekine.com\/ca\/salut-intestinal-xerrada-al-punt-eco\/","name":"Salut intestinal: xerrada al Punt Eco - Centre Kine","isPartOf":{"@id":"https:\/\/centrekine.com\/#website"},"primaryImageOfPage":{"@id":"https:\/\/centrekine.com\/ca\/salut-intestinal-xerrada-al-punt-eco\/#primaryimage"},"image":{"@id":"https:\/\/centrekine.com\/ca\/salut-intestinal-xerrada-al-punt-eco\/#primaryimage"},"thumbnailUrl":"https:\/\/centrekine.com\/wp-content\/uploads\/2024\/08\/IMG-20170517-WA0000.jpg","datePublished":"2024-08-29T06:30:59+00:00","dateModified":"2025-01-27T11:16:08+00:00","author":{"@id":"https:\/\/centrekine.com\/#\/schema\/person\/79e773377c569a732ef029f5ee675192"},"breadcrumb":{"@id":"https:\/\/centrekine.com\/ca\/salut-intestinal-xerrada-al-punt-eco\/#breadcrumb"},"inLanguage":"ca","potentialAction":[{"@type":"ReadAction","target":["https:\/\/centrekine.com\/ca\/salut-intestinal-xerrada-al-punt-eco\/"]}]},{"@type":"ImageObject","inLanguage":"ca","@id":"https:\/\/centrekine.com\/ca\/salut-intestinal-xerrada-al-punt-eco\/#primaryimage","url":"https:\/\/centrekine.com\/wp-content\/uploads\/2024\/08\/IMG-20170517-WA0000.jpg","contentUrl":"https:\/\/centrekine.com\/wp-content\/uploads\/2024\/08\/IMG-20170517-WA0000.jpg"},{"@type":"BreadcrumbList","@id":"https:\/\/centrekine.com\/ca\/salut-intestinal-xerrada-al-punt-eco\/#breadcrumb","itemListElement":[{"@type":"ListItem","position":1,"name":"Portada","item":"https:\/\/centrekine.com\/ca\/"},{"@type":"ListItem","position":2,"name":"Salut intestinal: xerrada al Punt Eco"}]},{"@type":"WebSite","@id":"https:\/\/centrekine.com\/#website","url":"https:\/\/centrekine.com\/","name":"Centre Kine","description":"Fisioter\u00e0pia, Osteopatia i ter\u00e0pies globals a Lleida","potentialAction":[{"@type":"SearchAction","target":{"@type":"EntryPoint","urlTemplate":"https:\/\/centrekine.com\/?s={search_term_string}"},"query-input":{"@type":"PropertyValueSpecification","valueRequired":true,"valueName":"search_term_string"}}],"inLanguage":"ca"},{"@type":"Person","@id":"https:\/\/centrekine.com\/#\/schema\/person\/79e773377c569a732ef029f5ee675192","name":"angel_rfgr2l1f","image":{"@type":"ImageObject","inLanguage":"ca","@id":"https:\/\/centrekine.com\/#\/schema\/person\/image\/","url":"https:\/\/secure.gravatar.com\/avatar\/ad8b00593a2116f47595bdc03abd51a8?s=96&d=mm&r=g","contentUrl":"https:\/\/secure.gravatar.com\/avatar\/ad8b00593a2116f47595bdc03abd51a8?s=96&d=mm&r=g","caption":"angel_rfgr2l1f"},"url":"https:\/\/centrekine.com\/ca\/author\/angel_rfgr2l1f\/"}]}},"_links":{"self":[{"href":"https:\/\/centrekine.com\/ca\/wp-json\/wp\/v2\/posts\/19707"}],"collection":[{"href":"https:\/\/centrekine.com\/ca\/wp-json\/wp\/v2\/posts"}],"about":[{"href":"https:\/\/centrekine.com\/ca\/wp-json\/wp\/v2\/types\/post"}],"author":[{"embeddable":true,"href":"https:\/\/centrekine.com\/ca\/wp-json\/wp\/v2\/users\/1"}],"replies":[{"embeddable":true,"href":"https:\/\/centrekine.com\/ca\/wp-json\/wp\/v2\/comments?post=19707"}],"version-history":[{"count":1,"href":"https:\/\/centrekine.com\/ca\/wp-json\/wp\/v2\/posts\/19707\/revisions"}],"predecessor-version":[{"id":19708,"href":"https:\/\/centrekine.com\/ca\/wp-json\/wp\/v2\/posts\/19707\/revisions\/19708"}],"wp:featuredmedia":[{"embeddable":true,"href":"https:\/\/centrekine.com\/ca\/wp-json\/wp\/v2\/media\/18738"}],"wp:attachment":[{"href":"https:\/\/centrekine.com\/ca\/wp-json\/wp\/v2\/media?parent=19707"}],"wp:term":[{"taxonomy":"category","embeddable":true,"href":"https:\/\/centrekine.com\/ca\/wp-json\/wp\/v2\/categories?post=19707"},{"taxonomy":"post_tag","embeddable":true,"href":"https:\/\/centrekine.com\/ca\/wp-json\/wp\/v2\/tags?post=19707"}],"curies":[{"name":"wp","href":"https:\/\/api.w.org\/{rel}","templated":true}]}}