{"id":19618,"date":"2024-08-29T07:31:10","date_gmt":"2024-08-29T06:31:10","guid":{"rendered":"https:\/\/centrekine.com\/espolon-calcaneo\/"},"modified":"2025-01-27T11:19:33","modified_gmt":"2025-01-27T10:19:33","slug":"trastorns-del-peu-espero-calcani-diagnostic-i-tractament","status":"publish","type":"post","link":"https:\/\/centrekine.com\/ca\/trastorns-del-peu-espero-calcani-diagnostic-i-tractament\/","title":{"rendered":"Trastorns del peu | Esper\u00f3 calcani diagn\u00f2stic i tractament"},"content":{"rendered":"<p><span style=\"vertical-align: inherit;\"><span style=\"vertical-align: inherit;\">Desenvolupar <\/span><\/span><strong><span style=\"vertical-align: inherit;\"><span style=\"vertical-align: inherit;\">esper\u00f3 calcani<\/span><\/span><\/strong><span style=\"vertical-align: inherit;\"><span style=\"vertical-align: inherit;\"> al peu \u00e9s una mica m\u00e9s com\u00fa del que sembla. Al voltant d&#8217;un 10% de la poblaci\u00f3 espanyola ho pateix, encara que no tots perceben dolor. Es pensa que aproximadament <\/span><\/span><strong><span style=\"vertical-align: inherit;\"><span style=\"vertical-align: inherit;\">un 70% de les persones que pateixen fascitis plantar tenen tamb\u00e9 esperons calcanis<\/span><\/span><\/strong><span style=\"vertical-align: inherit;\"><span style=\"vertical-align: inherit;\"> . Et diem qu\u00e8 \u00e9s, com prevenir-ho, diagnosticar-ho i tractar-ho.<\/span><\/span><\/p>\n<h2><span style=\"vertical-align: inherit;\"><span style=\"vertical-align: inherit;\">Qu\u00e8 \u00e9s l&#8217;esper\u00f3 calcani<\/span><\/span><\/h2>\n<p><strong>\u00a0<\/strong><\/p>\n<p><span style=\"vertical-align: inherit;\"><span style=\"vertical-align: inherit;\">L&#8217;esper\u00f3 calcani es percep al peu com <\/span><\/span><strong><span style=\"vertical-align: inherit;\"><span style=\"vertical-align: inherit;\">un creixement de l&#8217;os (oste\u00f2fit) que t\u00e9 una forma triangular que recorda la d&#8217;un petit ullal<\/span><\/span><\/strong><span style=\"vertical-align: inherit;\"><span style=\"vertical-align: inherit;\"> . Pot apar\u00e8ixer <\/span><\/span><strong><span style=\"vertical-align: inherit;\"><span style=\"vertical-align: inherit;\">a la planta del peu oa la zona dinserci\u00f3 del tend\u00f3 dAquil\u00b7les<\/span><\/span><\/strong><span style=\"vertical-align: inherit;\"><span style=\"vertical-align: inherit;\"> (parts inferior o superior del calcani). I <\/span><\/span><strong><span style=\"vertical-align: inherit;\"><span style=\"vertical-align: inherit;\">moltes vegades provoca dolor agut al tal\u00f3 a manera de punxades<\/span><\/span><\/strong><span style=\"vertical-align: inherit;\"><span style=\"vertical-align: inherit;\"> .<\/span><\/span><\/p>\n<p><span style=\"vertical-align: inherit;\"><span style=\"vertical-align: inherit;\">Aquesta afectaci\u00f3 \u00f2ssia la produeixen en realitat <\/span><\/span><strong><span style=\"vertical-align: inherit;\"><span style=\"vertical-align: inherit;\">dip\u00f2sits de calci que provoquen una deformaci\u00f3 a la superf\u00edcie de l&#8217;os sa<\/span><\/span><\/strong><span style=\"vertical-align: inherit;\"><span style=\"vertical-align: inherit;\"> . Es considera esper\u00f3 calcani quan la deformitat supera els 2 mm Com ja citem anteriorment, aquest <\/span><\/span><strong><span style=\"vertical-align: inherit;\"><span style=\"vertical-align: inherit;\">pot o no ser dolor\u00f3s, i moltes vegades el trobem a la cl\u00ednica associat a la <\/span><\/span><\/strong><a href=\"https:\/\/centrekine.com\/como-tratar-la-fascitis-plantar-que-es-sintomas-diagnostico-y-tratamiento\/\"><strong><span style=\"vertical-align: inherit;\"><span style=\"vertical-align: inherit;\">fascitis plantar<\/span><\/span><\/strong><\/a><span style=\"vertical-align: inherit;\"><span style=\"vertical-align: inherit;\"> (la degeneraci\u00f3 i engrossiment de la f\u00e0scia plantar).<\/span><\/span><\/p>\n<h2><span style=\"vertical-align: inherit;\"><span style=\"vertical-align: inherit;\">Com recon\u00e8ixer-ho<\/span><\/span><\/h2>\n<p><span style=\"vertical-align: inherit;\"><span style=\"vertical-align: inherit;\">El s\u00edmptoma principal de la pres\u00e8ncia i irritaci\u00f3 per un esper\u00f3 calcani \u00e9s el <\/span><\/span><strong><span style=\"vertical-align: inherit;\"><span style=\"vertical-align: inherit;\">dolor al tal\u00f3 i una sensaci\u00f3 aguda en trepitjar<\/span><\/span><\/strong><span style=\"vertical-align: inherit;\"><span style=\"vertical-align: inherit;\"> . Aquest dolor es pot presentar a diferents moments. El dolor sol ser <\/span><\/span><strong><span style=\"vertical-align: inherit;\"><span style=\"vertical-align: inherit;\">m\u00e9s intens al mat\u00ed i calmar-se en rep\u00f2s<\/span><\/span><\/strong><span style=\"vertical-align: inherit;\"><span style=\"vertical-align: inherit;\"> , per\u00f2 en tornar a <\/span><\/span><strong><span style=\"vertical-align: inherit;\"><span style=\"vertical-align: inherit;\">recolzar el peu a terra o fer activitats f\u00edsiques el dolor sol tornar a apar\u00e8ixer<\/span><\/span><\/strong><span style=\"vertical-align: inherit;\"><span style=\"vertical-align: inherit;\"> . D&#8217;altra banda, si va associat a una fascitis plantar, <\/span><\/span><strong><span style=\"vertical-align: inherit;\"><span style=\"vertical-align: inherit;\">de vegades amb exercici moderat sol millorar, per\u00f2 torna a empitjorar despr\u00e9s del rep\u00f2s perllongat<\/span><\/span><\/strong><span style=\"vertical-align: inherit;\"><span style=\"vertical-align: inherit;\"> .<\/span><\/span><\/p>\n<h2><span style=\"vertical-align: inherit;\"><span style=\"vertical-align: inherit;\">Factors de risc per al desenvolupament d&#8217;esperons calcanis al peu<\/span><\/span><\/h2>\n<p><span style=\"vertical-align: inherit;\"><span style=\"vertical-align: inherit;\">Enumerem els principals factors de risc que intervenen en el desenvolupament d&#8217;esper\u00f3 calcani:<\/span><\/span><\/p>\n<ul>\n<li><span style=\"vertical-align: inherit;\"><span style=\"vertical-align: inherit;\">Patir <\/span><\/span><strong><span style=\"vertical-align: inherit;\"><span style=\"vertical-align: inherit;\">deformitats pr\u00e8vies dels peus<\/span><\/span><\/strong><span style=\"vertical-align: inherit;\"><span style=\"vertical-align: inherit;\"> (peu valg, cavo o pla) provoca estiraments de la f\u00e0scia plantar que poden afavorir-ne l&#8217;aparici\u00f3.<\/span><\/span><\/li>\n<li><span style=\"vertical-align: inherit;\"><span style=\"vertical-align: inherit;\">L&#8217;exc\u00e9s de c\u00e0rrega al tal\u00f3 motivada per <\/span><\/span><strong><span style=\"vertical-align: inherit;\"><span style=\"vertical-align: inherit;\">sobrep\u00e8s o obesitat<\/span><\/span><\/strong><span style=\"vertical-align: inherit;\"><span style=\"vertical-align: inherit;\"> tamb\u00e9 \u00e9s un desencadenant.<\/span><\/span><\/li>\n<li><strong><span style=\"vertical-align: inherit;\"><span style=\"vertical-align: inherit;\">La possibilitat de desenvolupar-los creix amb l\u201fedat<\/span><\/span><\/strong><span style=\"vertical-align: inherit;\"><span style=\"vertical-align: inherit;\"> (a partir d\u201faprox. els 35 anys)<\/span><\/span><\/li>\n<li><span style=\"vertical-align: inherit;\"><span style=\"vertical-align: inherit;\">Tamb\u00e9 el desenvolupament d&#8217; <\/span><\/span><strong><span style=\"vertical-align: inherit;\"><span style=\"vertical-align: inherit;\">activitats f\u00edsiques que generen tensi\u00f3 excessiva a la zona<\/span><\/span><\/strong><span style=\"vertical-align: inherit;\"><span style=\"vertical-align: inherit;\"> , <\/span><\/span><strong><span style=\"vertical-align: inherit;\"><span style=\"vertical-align: inherit;\">ia les quals l&#8217;individu no hi est\u00e0 acostumat<\/span><\/span><\/strong><span style=\"vertical-align: inherit;\"><span style=\"vertical-align: inherit;\"> influeixen en gran mesura.<\/span><\/span><\/li>\n<li><span style=\"vertical-align: inherit;\"><span style=\"vertical-align: inherit;\">L&#8217;estr\u00e8s del peu que produeixen <\/span><\/span><strong><span style=\"vertical-align: inherit;\"><span style=\"vertical-align: inherit;\">canvis bruscos de tipus de cal\u00e7at o cal\u00e7at inc\u00f2mode<\/span><\/span><\/strong><span style=\"vertical-align: inherit;\"><span style=\"vertical-align: inherit;\"> \u00e9s un factor de risc important.<\/span><\/span><\/li>\n<\/ul>\n<h2><span style=\"vertical-align: inherit;\"><span style=\"vertical-align: inherit;\">Com diagnostiquem l&#8217;esper\u00f3 calcani<\/span><\/span><\/h2>\n<p><strong>\u00a0<\/strong><\/p>\n<p><span style=\"vertical-align: inherit;\"><span style=\"vertical-align: inherit;\">El diagn\u00f2stic principal es realitza a trav\u00e9s d&#8217;una <\/span><\/span><strong><span style=\"vertical-align: inherit;\"><span style=\"vertical-align: inherit;\">radiografia lateral del peu<\/span><\/span><\/strong><span style=\"vertical-align: inherit;\"><span style=\"vertical-align: inherit;\"> . Tot seguit, aquest es pot complementar amb l&#8217; <\/span><\/span><strong><span style=\"vertical-align: inherit;\"><span style=\"vertical-align: inherit;\">examen f\u00edsic i l&#8217;anamnesi del pacient<\/span><\/span><\/strong><span style=\"vertical-align: inherit;\"><span style=\"vertical-align: inherit;\"> (q\u00fcestionari). Amb aix\u00f2 es busca <\/span><\/span><strong><span style=\"vertical-align: inherit;\"><span style=\"vertical-align: inherit;\">trobar si la causa principal del dolor \u00e9s l&#8217;aparici\u00f3<\/span><\/span><\/strong><span style=\"vertical-align: inherit;\"><span style=\"vertical-align: inherit;\"> de l&#8217;esper\u00f3. Ja que determinar l&#8217;origen \u00e9s clau <\/span><\/span><strong><span style=\"vertical-align: inherit;\"><span style=\"vertical-align: inherit;\">per obtenir un resultat favorable del tractament<\/span><\/span><\/strong><span style=\"vertical-align: inherit;\"><span style=\"vertical-align: inherit;\"> .<\/span><\/span><\/p>\n<p><span style=\"vertical-align: inherit;\"><span style=\"vertical-align: inherit;\">A Centre Kine disposem a m\u00e9s d&#8217; <\/span><\/span><strong><span style=\"vertical-align: inherit;\"><span style=\"vertical-align: inherit;\">un <\/span><\/span><\/strong><a href=\"https:\/\/centrekine.com\/treatments1\/ecografia-musculoesqueletica\/\"><strong><span style=\"vertical-align: inherit;\"><span style=\"vertical-align: inherit;\">ec\u00f2graf<\/span><\/span><\/strong><\/a><strong><span style=\"vertical-align: inherit;\"><span style=\"vertical-align: inherit;\"> , capa\u00e7 de detectar la pres\u00e8ncia d&#8217;un esper\u00f3, a m\u00e9s de determinar si ve associat a una fascitis plantar<\/span><\/span><\/strong><span style=\"vertical-align: inherit;\"><span style=\"vertical-align: inherit;\"> , cosa molt freq\u00fcent.<\/span><\/span><\/p>\n<h2><span style=\"vertical-align: inherit;\"><span style=\"vertical-align: inherit;\">Com ho tractem a Centre Kine<\/span><\/span><\/h2>\n<p><span style=\"vertical-align: inherit;\"><span style=\"vertical-align: inherit;\">A Centre Kine desenvolupem programes complets de fisioter\u00e0pia, personalitzats per a cada pacient, i seguits i pautats per <\/span><\/span><a href=\"https:\/\/centrekine.com\/quien-te-cuida\/\"><span style=\"vertical-align: inherit;\"><span style=\"vertical-align: inherit;\">fisioterapeutes especialitzats<\/span><\/span><\/a><span style=\"vertical-align: inherit;\"><span style=\"vertical-align: inherit;\"> . Aquestes s\u00f3n les t\u00e8cniques que hi intervenen.<\/span><\/span><\/p>\n<p><strong>\u00a0<\/strong><\/p>\n<ul>\n<li><span style=\"vertical-align: inherit;\"><span style=\"vertical-align: inherit;\">En un primer moment realitzem <\/span><\/span><strong><span style=\"vertical-align: inherit;\"><span style=\"vertical-align: inherit;\">estiraments supervisats<\/span><\/span><\/strong><span style=\"vertical-align: inherit;\"><span style=\"vertical-align: inherit;\"> per un fisioterapeuta de la f\u00e0scia plantar i del tr\u00edceps sural, igualment, apliquem <\/span><\/span><strong><span style=\"vertical-align: inherit;\"><span style=\"vertical-align: inherit;\">ter\u00e0pia manual o punci\u00f3 seca a la musculatura relacionada<\/span><\/span><\/strong><span style=\"vertical-align: inherit;\"><span style=\"vertical-align: inherit;\"> .<\/span><\/span><\/li>\n<li><span style=\"vertical-align: inherit;\"><span style=\"vertical-align: inherit;\">A Centre Kine aconsellem, a m\u00e9s, sempre el tractament amb <\/span><\/span><strong><span style=\"vertical-align: inherit;\"><span style=\"vertical-align: inherit;\">ones de xoc<\/span><\/span><\/strong><span style=\"vertical-align: inherit;\"><span style=\"vertical-align: inherit;\"> per a aquesta patologia (i altres calcificacions), igual que per a la fascitis.<\/span><\/span><\/li>\n<li><span style=\"vertical-align: inherit;\"><span style=\"vertical-align: inherit;\">L\u00fas de <\/span><\/span><strong><span style=\"vertical-align: inherit;\"><span style=\"vertical-align: inherit;\">INDIBA<\/span><\/span><\/strong><span style=\"vertical-align: inherit;\"><span style=\"vertical-align: inherit;\"> en certs casos, tamb\u00e9 pot facilitar la reducci\u00f3 del dolor.<\/span><\/span><\/li>\n<li><span style=\"vertical-align: inherit;\"><span style=\"vertical-align: inherit;\">Altres t\u00e8cniques utilitzades s\u00f3n la <\/span><\/span><strong><span style=\"vertical-align: inherit;\"><span style=\"vertical-align: inherit;\">Electroter\u00e0pia analg\u00e8sica i la Crioter\u00e0pia<\/span><\/span><\/strong><\/li>\n<li><strong><span style=\"vertical-align: inherit;\"><span style=\"vertical-align: inherit;\">A m\u00e9s a m\u00e9s d&#8217;exercicis de refor\u00e7 supervisats<\/span><\/span><\/strong><span style=\"vertical-align: inherit;\"><span style=\"vertical-align: inherit;\"> de les estructures relacionades.<\/span><\/span><\/li>\n<\/ul>\n<p><span style=\"vertical-align: inherit;\"><span style=\"vertical-align: inherit;\">Recomanem, addicionalment <\/span><\/span><strong><span style=\"vertical-align: inherit;\"><span style=\"vertical-align: inherit;\">l&#8217;\u00fas de taloneres especifiques o plantilles<\/span><\/span><\/strong><span style=\"vertical-align: inherit;\"><span style=\"vertical-align: inherit;\"> , realitzades per un pod\u00f2leg, per intentar millorar l&#8217;amortiment a la zona.<\/span><\/span><\/p>\n<p><strong><span style=\"vertical-align: inherit;\"><span style=\"vertical-align: inherit;\">El tractament quir\u00fargic pr\u00e0cticament no es recomana en aquests casos, a causa de l&#8217;\u00e8xit gaireb\u00e9 total dels tractaments conservadors<\/span><\/span><\/strong><span style=\"vertical-align: inherit;\"><span style=\"vertical-align: inherit;\"> .<\/span><\/span><\/p>\n<h2><span style=\"vertical-align: inherit;\"><span style=\"vertical-align: inherit;\">Centre Kine: el teu centre de fisioter\u00e0pia a Lleida<\/span><\/span><\/h2>\n<p><span style=\"vertical-align: inherit;\"><span style=\"vertical-align: inherit;\">Si us han diagnosticat un esper\u00f3 calcani i necessiteu un centre de fisioter\u00e0pia a Lleida, no dubteu a posar-vos en <\/span><\/span><a href=\"https:\/\/centrekine.com\/ca\/contacte\/\"><span style=\"vertical-align: inherit;\"><span style=\"vertical-align: inherit;\">contacte amb nosaltres<\/span><\/span><\/a><span style=\"vertical-align: inherit;\"><span style=\"vertical-align: inherit;\"> a trav\u00e9s del tel\u00e8fon 973233703, enviant un correu electr\u00f2nic a info@centrekine.com o per whatsapp al n\u00famero 677561659.<\/span><\/span><\/p>\n<p><span style=\"vertical-align: inherit;\"><span style=\"vertical-align: inherit;\">Ens trobar\u00e0s a Passeig de Ronda, 164 o al carrer Santa Cec\u00edlia, 20 (Cappont).<\/span><\/span><\/p>\n<h2><span style=\"vertical-align: inherit;\"><span style=\"vertical-align: inherit;\">Refer\u00e8ncies<\/span><\/span><\/h2>\n<p><span style=\"vertical-align: inherit;\"><span style=\"vertical-align: inherit;\">Kirkpatrick J, Yassaie O, Mirjalili SA. <\/span><\/span><a href=\"https:\/\/pubmed.ncbi.nlm.nih.gov\/28369929\/\" target=\"_blank\" rel=\"noopener\"><span style=\"vertical-align: inherit;\"><span style=\"vertical-align: inherit;\">Plantar calcaneal spur: a review of anatomy, histology, etiology and key associations<\/span><\/span><\/a><span style=\"vertical-align: inherit;\"><span style=\"vertical-align: inherit;\"> . J Anat. 2017 Jun;230(6):743-751.<\/span><\/span><\/p>\n<p><span style=\"vertical-align: inherit;\"><span style=\"vertical-align: inherit;\">Trojian T, Tucker AK. <\/span><span style=\"vertical-align: inherit;\">Plantar <\/span><\/span><a href=\"https:\/\/www.aafp.org\/afp\/2019\/0615\/p744.html\" target=\"_blank\" rel=\"noopener\"><span style=\"vertical-align: inherit;\"><span style=\"vertical-align: inherit;\">Fasciitis.<\/span><\/span><\/a><\/p>\n<p><span style=\"vertical-align: inherit;\"><span style=\"vertical-align: inherit;\">Huffer D, Hing W, Newton R, Clair M. <\/span><\/span><a href=\"https:\/\/pubmed.ncbi.nlm.nih.gov\/27692740\/\" target=\"_blank\" rel=\"noopener\"><span style=\"vertical-align: inherit;\"><span style=\"vertical-align: inherit;\">Strength training for plantar fasciitis i intrinsic foot musculature: A systematic review<\/span><\/span><\/a><span style=\"vertical-align: inherit;\"><span style=\"vertical-align: inherit;\"> . Phys Ther Sport. 2017 Mar; 24:44-52<\/span><\/span><\/p>\n","protected":false},"excerpt":{"rendered":"<p>Desenvolupar esper\u00f3 calcani al peu \u00e9s una mica m\u00e9s com\u00fa del que sembla. Al voltant d&#8217;un 10% de la poblaci\u00f3 espanyola ho pateix, encara que no tots perceben dolor. Es pensa que aproximadament un 70% de les persones que pateixen fascitis plantar tenen tamb\u00e9 esperons calcanis . Et diem qu\u00e8 \u00e9s, com prevenir-ho, diagnosticar-ho i [&hellip;]<\/p>\n","protected":false},"author":1,"featured_media":18821,"comment_status":"open","ping_status":"open","sticky":false,"template":"","format":"standard","meta":{"_joinchat":[],"footnotes":""},"categories":[1911,1926,2072,1912],"tags":[2099,2100,2101,2102,2103,2104,1978,2105,2106,1918,1936,1946,2107],"acf":[],"yoast_head":"<!-- This site is optimized with the Yoast SEO plugin v24.2 - https:\/\/yoast.com\/wordpress\/plugins\/seo\/ -->\n<title>Trastorns del peu | Esper\u00f3 calcani diagn\u00f2stic i tractament - Centre Kine<\/title>\n<meta name=\"robots\" content=\"index, follow, max-snippet:-1, max-image-preview:large, max-video-preview:-1\" \/>\n<link rel=\"canonical\" href=\"https:\/\/centrekine.com\/ca\/trastorns-del-peu-espero-calcani-diagnostic-i-tractament\/\" \/>\n<meta property=\"og:locale\" content=\"ca_ES\" \/>\n<meta property=\"og:type\" content=\"article\" \/>\n<meta property=\"og:title\" content=\"Trastorns del peu | Esper\u00f3 calcani diagn\u00f2stic i tractament - Centre Kine\" \/>\n<meta property=\"og:description\" content=\"Desenvolupar esper\u00f3 calcani al peu \u00e9s una mica m\u00e9s com\u00fa del que sembla. Al voltant d&#8217;un 10% de la poblaci\u00f3 espanyola ho pateix, encara que no tots perceben dolor. Es pensa que aproximadament un 70% de les persones que pateixen fascitis plantar tenen tamb\u00e9 esperons calcanis . Et diem qu\u00e8 \u00e9s, com prevenir-ho, diagnosticar-ho i [&hellip;]\" \/>\n<meta property=\"og:url\" content=\"https:\/\/centrekine.com\/ca\/trastorns-del-peu-espero-calcani-diagnostic-i-tractament\/\" \/>\n<meta property=\"og:site_name\" content=\"Centre Kine\" \/>\n<meta property=\"article:published_time\" content=\"2024-08-29T06:31:10+00:00\" \/>\n<meta property=\"article:modified_time\" content=\"2025-01-27T10:19:33+00:00\" \/>\n<meta property=\"og:image\" content=\"https:\/\/centrekine.com\/wp-content\/uploads\/2024\/08\/Espolon-calcaneo.jpg\" \/>\n\t<meta property=\"og:image:width\" content=\"900\" \/>\n\t<meta property=\"og:image:height\" content=\"400\" \/>\n\t<meta property=\"og:image:type\" content=\"image\/jpeg\" \/>\n<meta name=\"author\" content=\"angel_rfgr2l1f\" \/>\n<meta name=\"twitter:card\" content=\"summary_large_image\" \/>\n<meta name=\"twitter:label1\" content=\"Escrit per\" \/>\n\t<meta name=\"twitter:data1\" content=\"angel_rfgr2l1f\" \/>\n\t<meta name=\"twitter:label2\" content=\"Temps estimat de lectura\" \/>\n\t<meta name=\"twitter:data2\" content=\"4 minuts\" \/>\n<script type=\"application\/ld+json\" class=\"yoast-schema-graph\">{\"@context\":\"https:\/\/schema.org\",\"@graph\":[{\"@type\":\"WebPage\",\"@id\":\"https:\/\/centrekine.com\/ca\/trastorns-del-peu-espero-calcani-diagnostic-i-tractament\/\",\"url\":\"https:\/\/centrekine.com\/ca\/trastorns-del-peu-espero-calcani-diagnostic-i-tractament\/\",\"name\":\"Trastorns del peu | Esper\u00f3 calcani diagn\u00f2stic i tractament - Centre Kine\",\"isPartOf\":{\"@id\":\"https:\/\/centrekine.com\/#website\"},\"primaryImageOfPage\":{\"@id\":\"https:\/\/centrekine.com\/ca\/trastorns-del-peu-espero-calcani-diagnostic-i-tractament\/#primaryimage\"},\"image\":{\"@id\":\"https:\/\/centrekine.com\/ca\/trastorns-del-peu-espero-calcani-diagnostic-i-tractament\/#primaryimage\"},\"thumbnailUrl\":\"https:\/\/centrekine.com\/wp-content\/uploads\/2024\/08\/Espolon-calcaneo.jpg\",\"datePublished\":\"2024-08-29T06:31:10+00:00\",\"dateModified\":\"2025-01-27T10:19:33+00:00\",\"author\":{\"@id\":\"https:\/\/centrekine.com\/#\/schema\/person\/79e773377c569a732ef029f5ee675192\"},\"breadcrumb\":{\"@id\":\"https:\/\/centrekine.com\/ca\/trastorns-del-peu-espero-calcani-diagnostic-i-tractament\/#breadcrumb\"},\"inLanguage\":\"ca\",\"potentialAction\":[{\"@type\":\"ReadAction\",\"target\":[\"https:\/\/centrekine.com\/ca\/trastorns-del-peu-espero-calcani-diagnostic-i-tractament\/\"]}]},{\"@type\":\"ImageObject\",\"inLanguage\":\"ca\",\"@id\":\"https:\/\/centrekine.com\/ca\/trastorns-del-peu-espero-calcani-diagnostic-i-tractament\/#primaryimage\",\"url\":\"https:\/\/centrekine.com\/wp-content\/uploads\/2024\/08\/Espolon-calcaneo.jpg\",\"contentUrl\":\"https:\/\/centrekine.com\/wp-content\/uploads\/2024\/08\/Espolon-calcaneo.jpg\",\"width\":900,\"height\":400},{\"@type\":\"BreadcrumbList\",\"@id\":\"https:\/\/centrekine.com\/ca\/trastorns-del-peu-espero-calcani-diagnostic-i-tractament\/#breadcrumb\",\"itemListElement\":[{\"@type\":\"ListItem\",\"position\":1,\"name\":\"Portada\",\"item\":\"https:\/\/centrekine.com\/ca\/\"},{\"@type\":\"ListItem\",\"position\":2,\"name\":\"Trastorns del peu | Esper\u00f3 calcani diagn\u00f2stic i tractament\"}]},{\"@type\":\"WebSite\",\"@id\":\"https:\/\/centrekine.com\/#website\",\"url\":\"https:\/\/centrekine.com\/\",\"name\":\"Centre Kine\",\"description\":\"Fisioter\u00e0pia, Osteopatia i ter\u00e0pies globals a Lleida\",\"potentialAction\":[{\"@type\":\"SearchAction\",\"target\":{\"@type\":\"EntryPoint\",\"urlTemplate\":\"https:\/\/centrekine.com\/?s={search_term_string}\"},\"query-input\":{\"@type\":\"PropertyValueSpecification\",\"valueRequired\":true,\"valueName\":\"search_term_string\"}}],\"inLanguage\":\"ca\"},{\"@type\":\"Person\",\"@id\":\"https:\/\/centrekine.com\/#\/schema\/person\/79e773377c569a732ef029f5ee675192\",\"name\":\"angel_rfgr2l1f\",\"image\":{\"@type\":\"ImageObject\",\"inLanguage\":\"ca\",\"@id\":\"https:\/\/centrekine.com\/#\/schema\/person\/image\/\",\"url\":\"https:\/\/secure.gravatar.com\/avatar\/ad8b00593a2116f47595bdc03abd51a8?s=96&d=mm&r=g\",\"contentUrl\":\"https:\/\/secure.gravatar.com\/avatar\/ad8b00593a2116f47595bdc03abd51a8?s=96&d=mm&r=g\",\"caption\":\"angel_rfgr2l1f\"},\"url\":\"https:\/\/centrekine.com\/ca\/author\/angel_rfgr2l1f\/\"}]}<\/script>\n<!-- \/ Yoast SEO plugin. -->","yoast_head_json":{"title":"Trastorns del peu | Esper\u00f3 calcani diagn\u00f2stic i tractament - Centre Kine","robots":{"index":"index","follow":"follow","max-snippet":"max-snippet:-1","max-image-preview":"max-image-preview:large","max-video-preview":"max-video-preview:-1"},"canonical":"https:\/\/centrekine.com\/ca\/trastorns-del-peu-espero-calcani-diagnostic-i-tractament\/","og_locale":"ca_ES","og_type":"article","og_title":"Trastorns del peu | Esper\u00f3 calcani diagn\u00f2stic i tractament - Centre Kine","og_description":"Desenvolupar esper\u00f3 calcani al peu \u00e9s una mica m\u00e9s com\u00fa del que sembla. Al voltant d&#8217;un 10% de la poblaci\u00f3 espanyola ho pateix, encara que no tots perceben dolor. Es pensa que aproximadament un 70% de les persones que pateixen fascitis plantar tenen tamb\u00e9 esperons calcanis . Et diem qu\u00e8 \u00e9s, com prevenir-ho, diagnosticar-ho i [&hellip;]","og_url":"https:\/\/centrekine.com\/ca\/trastorns-del-peu-espero-calcani-diagnostic-i-tractament\/","og_site_name":"Centre Kine","article_published_time":"2024-08-29T06:31:10+00:00","article_modified_time":"2025-01-27T10:19:33+00:00","og_image":[{"width":900,"height":400,"url":"https:\/\/centrekine.com\/wp-content\/uploads\/2024\/08\/Espolon-calcaneo.jpg","type":"image\/jpeg"}],"author":"angel_rfgr2l1f","twitter_card":"summary_large_image","twitter_misc":{"Escrit per":"angel_rfgr2l1f","Temps estimat de lectura":"4 minuts"},"schema":{"@context":"https:\/\/schema.org","@graph":[{"@type":"WebPage","@id":"https:\/\/centrekine.com\/ca\/trastorns-del-peu-espero-calcani-diagnostic-i-tractament\/","url":"https:\/\/centrekine.com\/ca\/trastorns-del-peu-espero-calcani-diagnostic-i-tractament\/","name":"Trastorns del peu | Esper\u00f3 calcani diagn\u00f2stic i tractament - Centre Kine","isPartOf":{"@id":"https:\/\/centrekine.com\/#website"},"primaryImageOfPage":{"@id":"https:\/\/centrekine.com\/ca\/trastorns-del-peu-espero-calcani-diagnostic-i-tractament\/#primaryimage"},"image":{"@id":"https:\/\/centrekine.com\/ca\/trastorns-del-peu-espero-calcani-diagnostic-i-tractament\/#primaryimage"},"thumbnailUrl":"https:\/\/centrekine.com\/wp-content\/uploads\/2024\/08\/Espolon-calcaneo.jpg","datePublished":"2024-08-29T06:31:10+00:00","dateModified":"2025-01-27T10:19:33+00:00","author":{"@id":"https:\/\/centrekine.com\/#\/schema\/person\/79e773377c569a732ef029f5ee675192"},"breadcrumb":{"@id":"https:\/\/centrekine.com\/ca\/trastorns-del-peu-espero-calcani-diagnostic-i-tractament\/#breadcrumb"},"inLanguage":"ca","potentialAction":[{"@type":"ReadAction","target":["https:\/\/centrekine.com\/ca\/trastorns-del-peu-espero-calcani-diagnostic-i-tractament\/"]}]},{"@type":"ImageObject","inLanguage":"ca","@id":"https:\/\/centrekine.com\/ca\/trastorns-del-peu-espero-calcani-diagnostic-i-tractament\/#primaryimage","url":"https:\/\/centrekine.com\/wp-content\/uploads\/2024\/08\/Espolon-calcaneo.jpg","contentUrl":"https:\/\/centrekine.com\/wp-content\/uploads\/2024\/08\/Espolon-calcaneo.jpg","width":900,"height":400},{"@type":"BreadcrumbList","@id":"https:\/\/centrekine.com\/ca\/trastorns-del-peu-espero-calcani-diagnostic-i-tractament\/#breadcrumb","itemListElement":[{"@type":"ListItem","position":1,"name":"Portada","item":"https:\/\/centrekine.com\/ca\/"},{"@type":"ListItem","position":2,"name":"Trastorns del peu | Esper\u00f3 calcani diagn\u00f2stic i tractament"}]},{"@type":"WebSite","@id":"https:\/\/centrekine.com\/#website","url":"https:\/\/centrekine.com\/","name":"Centre Kine","description":"Fisioter\u00e0pia, Osteopatia i ter\u00e0pies globals a Lleida","potentialAction":[{"@type":"SearchAction","target":{"@type":"EntryPoint","urlTemplate":"https:\/\/centrekine.com\/?s={search_term_string}"},"query-input":{"@type":"PropertyValueSpecification","valueRequired":true,"valueName":"search_term_string"}}],"inLanguage":"ca"},{"@type":"Person","@id":"https:\/\/centrekine.com\/#\/schema\/person\/79e773377c569a732ef029f5ee675192","name":"angel_rfgr2l1f","image":{"@type":"ImageObject","inLanguage":"ca","@id":"https:\/\/centrekine.com\/#\/schema\/person\/image\/","url":"https:\/\/secure.gravatar.com\/avatar\/ad8b00593a2116f47595bdc03abd51a8?s=96&d=mm&r=g","contentUrl":"https:\/\/secure.gravatar.com\/avatar\/ad8b00593a2116f47595bdc03abd51a8?s=96&d=mm&r=g","caption":"angel_rfgr2l1f"},"url":"https:\/\/centrekine.com\/ca\/author\/angel_rfgr2l1f\/"}]}},"_links":{"self":[{"href":"https:\/\/centrekine.com\/ca\/wp-json\/wp\/v2\/posts\/19618"}],"collection":[{"href":"https:\/\/centrekine.com\/ca\/wp-json\/wp\/v2\/posts"}],"about":[{"href":"https:\/\/centrekine.com\/ca\/wp-json\/wp\/v2\/types\/post"}],"author":[{"embeddable":true,"href":"https:\/\/centrekine.com\/ca\/wp-json\/wp\/v2\/users\/1"}],"replies":[{"embeddable":true,"href":"https:\/\/centrekine.com\/ca\/wp-json\/wp\/v2\/comments?post=19618"}],"version-history":[{"count":2,"href":"https:\/\/centrekine.com\/ca\/wp-json\/wp\/v2\/posts\/19618\/revisions"}],"predecessor-version":[{"id":19620,"href":"https:\/\/centrekine.com\/ca\/wp-json\/wp\/v2\/posts\/19618\/revisions\/19620"}],"wp:featuredmedia":[{"embeddable":true,"href":"https:\/\/centrekine.com\/ca\/wp-json\/wp\/v2\/media\/18821"}],"wp:attachment":[{"href":"https:\/\/centrekine.com\/ca\/wp-json\/wp\/v2\/media?parent=19618"}],"wp:term":[{"taxonomy":"category","embeddable":true,"href":"https:\/\/centrekine.com\/ca\/wp-json\/wp\/v2\/categories?post=19618"},{"taxonomy":"post_tag","embeddable":true,"href":"https:\/\/centrekine.com\/ca\/wp-json\/wp\/v2\/tags?post=19618"}],"curies":[{"name":"wp","href":"https:\/\/api.w.org\/{rel}","templated":true}]}}