{"id":19613,"date":"2024-08-29T07:30:35","date_gmt":"2024-08-29T06:30:35","guid":{"rendered":"https:\/\/centrekine.com\/acupuntura-tratamiento-anticelulitico-integrativo\/"},"modified":"2025-01-27T11:14:38","modified_gmt":"2025-01-27T10:14:38","slug":"acupuntura-tractament-anticel%c2%b7lulitic-integratiu","status":"publish","type":"post","link":"https:\/\/centrekine.com\/ca\/acupuntura-tractament-anticel%c2%b7lulitic-integratiu\/","title":{"rendered":"ACUPUNTURA: Tractament anticel\u00b7lul\u00edtic integratiu"},"content":{"rendered":"<ul>\n<li><strong><span style=\"vertical-align: inherit;\"><span style=\"vertical-align: inherit;\">En qu\u00e8 consisteix el tractament?<\/span><\/span><\/strong><\/li>\n<\/ul>\n<p><span style=\"vertical-align: inherit;\"><span style=\"vertical-align: inherit;\">El tractament <\/span><\/span><strong><span style=\"vertical-align: inherit;\"><span style=\"vertical-align: inherit;\">anticel\u00b7lul\u00edtic integratiu<\/span><\/span><\/strong><span style=\"vertical-align: inherit;\"><span style=\"vertical-align: inherit;\"> consisteix en la integraci\u00f3 a la mateixa sessi\u00f3 de dues ter\u00e0pies, la <\/span><\/span><strong><span style=\"vertical-align: inherit;\"><span style=\"vertical-align: inherit;\">massoter\u00e0pia<\/span><\/span><\/strong><span style=\"vertical-align: inherit;\"><span style=\"vertical-align: inherit;\"> i l&#8217; <\/span><\/span><a href=\"https:\/\/centrekine.com\/ca\/tratamientos\/acupuntura\/\"><span style=\"text-decoration: underline;\"><strong><span style=\"vertical-align: inherit;\"><span style=\"vertical-align: inherit;\">acupuntura<\/span><\/span><\/strong><\/span><\/a><span style=\"vertical-align: inherit;\"><span style=\"vertical-align: inherit;\"> .<\/span><\/span><\/p>\n<ul>\n<li><strong><span style=\"vertical-align: inherit;\"><span style=\"vertical-align: inherit;\">Per quin motiu fa servir l&#8217;acupuntura en aquest tractament?<\/span><\/span><\/strong><\/li>\n<\/ul>\n<p><span style=\"vertical-align: inherit;\"><span style=\"vertical-align: inherit;\">La cel\u00b7lulitis per a la medicina tradicional xinesa \u00e9s una acumulaci\u00f3 d&#8217;humitat en el teixit cel\u00b7lular subcutani. La humitat ataca la melsa i les seves funcions de transformaci\u00f3 i transport dels l\u00edquids i donen lloc, entre d&#8217;altres, a l&#8217;acumulaci\u00f3 de greix. El treball amb l\u00b4acupuntura permet restablir l\u00b4equilibri intern del cos evitant la formaci\u00f3 d\u00b4humitat.<\/span><\/span><\/p>\n<ul>\n<li><strong><span style=\"vertical-align: inherit;\"><span style=\"vertical-align: inherit;\">Quins beneficis t\u00e9 combinar la massoter\u00e0pia i l&#8217;acupuntura?<\/span><\/span><\/strong><\/li>\n<\/ul>\n<p><span style=\"vertical-align: inherit;\"><span style=\"vertical-align: inherit;\">A la massoter\u00e0pia apliquem cremes anticel\u00b7lul\u00edtiques mitjan\u00e7ant el <\/span><\/span><a href=\"https:\/\/centrekine.com\/ca\/tratamientos\/massatge\/\"><span style=\"text-decoration: underline;\"><strong><span style=\"vertical-align: inherit;\"><span style=\"vertical-align: inherit;\">massatge<\/span><\/span><\/strong><\/span><\/a><span style=\"vertical-align: inherit;\"><span style=\"vertical-align: inherit;\"> . Aquesta t\u00e8cnica ens ajuda a eliminar <\/span><\/span><strong><span style=\"vertical-align: inherit;\"><span style=\"vertical-align: inherit;\">\u201cla pell de taronja\u201d<\/span><\/span><\/strong><span style=\"vertical-align: inherit;\"><span style=\"vertical-align: inherit;\"> (aspecte que visualment ens preocupa). Per\u00f2 no ens soluciona l&#8217;arrel del problema. Necessitem tonificar la melsa, millorar la digesti\u00f3, mobilitzar la humitat i, si cal, calmar l&#8217;ansietat. Totes aquestes funcions queden cobertes amb l&#8217; <\/span><\/span><strong><span style=\"vertical-align: inherit;\"><span style=\"vertical-align: inherit;\">acupuntura<\/span><\/span><\/strong><span style=\"vertical-align: inherit;\"><span style=\"vertical-align: inherit;\"> .<\/span><\/span><\/p>\n<ul>\n<li><strong><span style=\"vertical-align: inherit;\"><span style=\"vertical-align: inherit;\">Qu\u00e8 vol dir amb calmar l&#8217;ansietat?<\/span><\/span><\/strong><\/li>\n<\/ul>\n<p><span style=\"vertical-align: inherit;\"><span style=\"vertical-align: inherit;\">Sovint cal donar unes pautes diet\u00e8tiques per reduir l&#8217;exc\u00e9s de dol\u00e7os i els aliments amb alts contingut de greixos-aliments que ens produeixen la humitat al cos. Aquestes recomanacions poden provocar ansietat. L\u00b4acupuntura <\/span><\/span><strong><span style=\"vertical-align: inherit;\"><span style=\"vertical-align: inherit;\">ens<\/span><\/span><\/strong><span style=\"vertical-align: inherit;\"><span style=\"vertical-align: inherit;\"> ajuda a calmar l\u00b4ansietat i poder seguir millor aquestes pautes.<\/span><\/span><\/p>\n<ul>\n<li><strong><span style=\"vertical-align: inherit;\"><span style=\"vertical-align: inherit;\">Quantes sessions s\u00f3n necess\u00e0ries per obtenir resultats?<\/span><\/span><\/strong><\/li>\n<\/ul>\n<p><span style=\"vertical-align: inherit;\"><span style=\"vertical-align: inherit;\">Un tractament \u00f2ptim per aconseguir bons resultats consta d&#8217;unes <\/span><\/span><strong><span style=\"vertical-align: inherit;\"><span style=\"vertical-align: inherit;\">10 sessions<\/span><\/span><\/strong><span style=\"vertical-align: inherit;\"><span style=\"vertical-align: inherit;\"> .<\/span><\/span><\/p>\n<p><span style=\"vertical-align: inherit;\"><span style=\"vertical-align: inherit;\">Espero que hagi estat del teu inter\u00e8s. <\/span><\/span><br \/>\n<span style=\"vertical-align: inherit;\"><span style=\"vertical-align: inherit;\">Una abra\u00e7ada, <\/span><\/span><br \/>\n<span style=\"vertical-align: inherit;\"><span style=\"vertical-align: inherit;\">Jordi Segura. <\/span><\/span><br \/>\n<span style=\"vertical-align: inherit;\"><span style=\"vertical-align: inherit;\">Deirector i oste\u00f2pata de Centre Kine.<\/span><\/span><\/p>\n","protected":false},"excerpt":{"rendered":"<p>En qu\u00e8 consisteix el tractament? El tractament anticel\u00b7lul\u00edtic integratiu consisteix en la integraci\u00f3 a la mateixa sessi\u00f3 de dues ter\u00e0pies, la massoter\u00e0pia i l&#8217; acupuntura . Per quin motiu fa servir l&#8217;acupuntura en aquest tractament? La cel\u00b7lulitis per a la medicina tradicional xinesa \u00e9s una acumulaci\u00f3 d&#8217;humitat en el teixit cel\u00b7lular subcutani. La humitat ataca [&hellip;]<\/p>\n","protected":false},"author":1,"featured_media":18533,"comment_status":"open","ping_status":"open","sticky":false,"template":"","format":"standard","meta":{"_joinchat":[],"footnotes":""},"categories":[2090],"tags":[2087,2091,2011,2092],"acf":[],"yoast_head":"<!-- This site is optimized with the Yoast SEO plugin v24.2 - https:\/\/yoast.com\/wordpress\/plugins\/seo\/ -->\n<title>ACUPUNTURA: Tractament anticel\u00b7lul\u00edtic integratiu - Centre Kine<\/title>\n<meta name=\"robots\" content=\"index, follow, max-snippet:-1, max-image-preview:large, max-video-preview:-1\" \/>\n<link rel=\"canonical\" href=\"https:\/\/centrekine.com\/ca\/acupuntura-tractament-anticel\u00b7lulitic-integratiu\/\" \/>\n<meta property=\"og:locale\" content=\"ca_ES\" \/>\n<meta property=\"og:type\" content=\"article\" \/>\n<meta property=\"og:title\" content=\"ACUPUNTURA: Tractament anticel\u00b7lul\u00edtic integratiu - Centre Kine\" \/>\n<meta property=\"og:description\" content=\"En qu\u00e8 consisteix el tractament? El tractament anticel\u00b7lul\u00edtic integratiu consisteix en la integraci\u00f3 a la mateixa sessi\u00f3 de dues ter\u00e0pies, la massoter\u00e0pia i l&#8217; acupuntura . Per quin motiu fa servir l&#8217;acupuntura en aquest tractament? La cel\u00b7lulitis per a la medicina tradicional xinesa \u00e9s una acumulaci\u00f3 d&#8217;humitat en el teixit cel\u00b7lular subcutani. La humitat ataca [&hellip;]\" \/>\n<meta property=\"og:url\" content=\"https:\/\/centrekine.com\/ca\/acupuntura-tractament-anticel\u00b7lulitic-integratiu\/\" \/>\n<meta property=\"og:site_name\" content=\"Centre Kine\" \/>\n<meta property=\"article:published_time\" content=\"2024-08-29T06:30:35+00:00\" \/>\n<meta property=\"article:modified_time\" content=\"2025-01-27T10:14:38+00:00\" \/>\n<meta property=\"og:image\" content=\"https:\/\/centrekine.com\/wp-content\/uploads\/2024\/08\/acupuntura-tratamiento-anticelulitico-integrativo.jpg\" \/>\n\t<meta property=\"og:image:width\" content=\"1\" \/>\n\t<meta property=\"og:image:height\" content=\"1\" \/>\n\t<meta property=\"og:image:type\" content=\"image\/jpeg\" \/>\n<meta name=\"author\" content=\"angel_rfgr2l1f\" \/>\n<meta name=\"twitter:card\" content=\"summary_large_image\" \/>\n<meta name=\"twitter:label1\" content=\"Escrit per\" \/>\n\t<meta name=\"twitter:data1\" content=\"angel_rfgr2l1f\" \/>\n\t<meta name=\"twitter:label2\" content=\"Temps estimat de lectura\" \/>\n\t<meta name=\"twitter:data2\" content=\"2 minuts\" \/>\n<script type=\"application\/ld+json\" class=\"yoast-schema-graph\">{\"@context\":\"https:\/\/schema.org\",\"@graph\":[{\"@type\":\"WebPage\",\"@id\":\"https:\/\/centrekine.com\/ca\/acupuntura-tractament-anticel%c2%b7lulitic-integratiu\/\",\"url\":\"https:\/\/centrekine.com\/ca\/acupuntura-tractament-anticel%c2%b7lulitic-integratiu\/\",\"name\":\"ACUPUNTURA: Tractament anticel\u00b7lul\u00edtic integratiu - Centre Kine\",\"isPartOf\":{\"@id\":\"https:\/\/centrekine.com\/#website\"},\"primaryImageOfPage\":{\"@id\":\"https:\/\/centrekine.com\/ca\/acupuntura-tractament-anticel%c2%b7lulitic-integratiu\/#primaryimage\"},\"image\":{\"@id\":\"https:\/\/centrekine.com\/ca\/acupuntura-tractament-anticel%c2%b7lulitic-integratiu\/#primaryimage\"},\"thumbnailUrl\":\"https:\/\/centrekine.com\/wp-content\/uploads\/2024\/08\/acupuntura-tratamiento-anticelulitico-integrativo.jpg\",\"datePublished\":\"2024-08-29T06:30:35+00:00\",\"dateModified\":\"2025-01-27T10:14:38+00:00\",\"author\":{\"@id\":\"https:\/\/centrekine.com\/#\/schema\/person\/79e773377c569a732ef029f5ee675192\"},\"breadcrumb\":{\"@id\":\"https:\/\/centrekine.com\/ca\/acupuntura-tractament-anticel%c2%b7lulitic-integratiu\/#breadcrumb\"},\"inLanguage\":\"ca\",\"potentialAction\":[{\"@type\":\"ReadAction\",\"target\":[\"https:\/\/centrekine.com\/ca\/acupuntura-tractament-anticel%c2%b7lulitic-integratiu\/\"]}]},{\"@type\":\"ImageObject\",\"inLanguage\":\"ca\",\"@id\":\"https:\/\/centrekine.com\/ca\/acupuntura-tractament-anticel%c2%b7lulitic-integratiu\/#primaryimage\",\"url\":\"https:\/\/centrekine.com\/wp-content\/uploads\/2024\/08\/acupuntura-tratamiento-anticelulitico-integrativo.jpg\",\"contentUrl\":\"https:\/\/centrekine.com\/wp-content\/uploads\/2024\/08\/acupuntura-tratamiento-anticelulitico-integrativo.jpg\"},{\"@type\":\"BreadcrumbList\",\"@id\":\"https:\/\/centrekine.com\/ca\/acupuntura-tractament-anticel%c2%b7lulitic-integratiu\/#breadcrumb\",\"itemListElement\":[{\"@type\":\"ListItem\",\"position\":1,\"name\":\"Portada\",\"item\":\"https:\/\/centrekine.com\/ca\/\"},{\"@type\":\"ListItem\",\"position\":2,\"name\":\"ACUPUNTURA: Tractament anticel\u00b7lul\u00edtic integratiu\"}]},{\"@type\":\"WebSite\",\"@id\":\"https:\/\/centrekine.com\/#website\",\"url\":\"https:\/\/centrekine.com\/\",\"name\":\"Centre Kine\",\"description\":\"Fisioter\u00e0pia, Osteopatia i ter\u00e0pies globals a Lleida\",\"potentialAction\":[{\"@type\":\"SearchAction\",\"target\":{\"@type\":\"EntryPoint\",\"urlTemplate\":\"https:\/\/centrekine.com\/?s={search_term_string}\"},\"query-input\":{\"@type\":\"PropertyValueSpecification\",\"valueRequired\":true,\"valueName\":\"search_term_string\"}}],\"inLanguage\":\"ca\"},{\"@type\":\"Person\",\"@id\":\"https:\/\/centrekine.com\/#\/schema\/person\/79e773377c569a732ef029f5ee675192\",\"name\":\"angel_rfgr2l1f\",\"image\":{\"@type\":\"ImageObject\",\"inLanguage\":\"ca\",\"@id\":\"https:\/\/centrekine.com\/#\/schema\/person\/image\/\",\"url\":\"https:\/\/secure.gravatar.com\/avatar\/ad8b00593a2116f47595bdc03abd51a8?s=96&d=mm&r=g\",\"contentUrl\":\"https:\/\/secure.gravatar.com\/avatar\/ad8b00593a2116f47595bdc03abd51a8?s=96&d=mm&r=g\",\"caption\":\"angel_rfgr2l1f\"},\"url\":\"https:\/\/centrekine.com\/ca\/author\/angel_rfgr2l1f\/\"}]}<\/script>\n<!-- \/ Yoast SEO plugin. -->","yoast_head_json":{"title":"ACUPUNTURA: Tractament anticel\u00b7lul\u00edtic integratiu - Centre Kine","robots":{"index":"index","follow":"follow","max-snippet":"max-snippet:-1","max-image-preview":"max-image-preview:large","max-video-preview":"max-video-preview:-1"},"canonical":"https:\/\/centrekine.com\/ca\/acupuntura-tractament-anticel\u00b7lulitic-integratiu\/","og_locale":"ca_ES","og_type":"article","og_title":"ACUPUNTURA: Tractament anticel\u00b7lul\u00edtic integratiu - Centre Kine","og_description":"En qu\u00e8 consisteix el tractament? El tractament anticel\u00b7lul\u00edtic integratiu consisteix en la integraci\u00f3 a la mateixa sessi\u00f3 de dues ter\u00e0pies, la massoter\u00e0pia i l&#8217; acupuntura . Per quin motiu fa servir l&#8217;acupuntura en aquest tractament? La cel\u00b7lulitis per a la medicina tradicional xinesa \u00e9s una acumulaci\u00f3 d&#8217;humitat en el teixit cel\u00b7lular subcutani. La humitat ataca [&hellip;]","og_url":"https:\/\/centrekine.com\/ca\/acupuntura-tractament-anticel\u00b7lulitic-integratiu\/","og_site_name":"Centre Kine","article_published_time":"2024-08-29T06:30:35+00:00","article_modified_time":"2025-01-27T10:14:38+00:00","og_image":[{"url":"https:\/\/centrekine.com\/wp-content\/uploads\/2024\/08\/acupuntura-tratamiento-anticelulitico-integrativo.jpg","width":1,"height":1,"type":"image\/jpeg"}],"author":"angel_rfgr2l1f","twitter_card":"summary_large_image","twitter_misc":{"Escrit per":"angel_rfgr2l1f","Temps estimat de lectura":"2 minuts"},"schema":{"@context":"https:\/\/schema.org","@graph":[{"@type":"WebPage","@id":"https:\/\/centrekine.com\/ca\/acupuntura-tractament-anticel%c2%b7lulitic-integratiu\/","url":"https:\/\/centrekine.com\/ca\/acupuntura-tractament-anticel%c2%b7lulitic-integratiu\/","name":"ACUPUNTURA: Tractament anticel\u00b7lul\u00edtic integratiu - Centre Kine","isPartOf":{"@id":"https:\/\/centrekine.com\/#website"},"primaryImageOfPage":{"@id":"https:\/\/centrekine.com\/ca\/acupuntura-tractament-anticel%c2%b7lulitic-integratiu\/#primaryimage"},"image":{"@id":"https:\/\/centrekine.com\/ca\/acupuntura-tractament-anticel%c2%b7lulitic-integratiu\/#primaryimage"},"thumbnailUrl":"https:\/\/centrekine.com\/wp-content\/uploads\/2024\/08\/acupuntura-tratamiento-anticelulitico-integrativo.jpg","datePublished":"2024-08-29T06:30:35+00:00","dateModified":"2025-01-27T10:14:38+00:00","author":{"@id":"https:\/\/centrekine.com\/#\/schema\/person\/79e773377c569a732ef029f5ee675192"},"breadcrumb":{"@id":"https:\/\/centrekine.com\/ca\/acupuntura-tractament-anticel%c2%b7lulitic-integratiu\/#breadcrumb"},"inLanguage":"ca","potentialAction":[{"@type":"ReadAction","target":["https:\/\/centrekine.com\/ca\/acupuntura-tractament-anticel%c2%b7lulitic-integratiu\/"]}]},{"@type":"ImageObject","inLanguage":"ca","@id":"https:\/\/centrekine.com\/ca\/acupuntura-tractament-anticel%c2%b7lulitic-integratiu\/#primaryimage","url":"https:\/\/centrekine.com\/wp-content\/uploads\/2024\/08\/acupuntura-tratamiento-anticelulitico-integrativo.jpg","contentUrl":"https:\/\/centrekine.com\/wp-content\/uploads\/2024\/08\/acupuntura-tratamiento-anticelulitico-integrativo.jpg"},{"@type":"BreadcrumbList","@id":"https:\/\/centrekine.com\/ca\/acupuntura-tractament-anticel%c2%b7lulitic-integratiu\/#breadcrumb","itemListElement":[{"@type":"ListItem","position":1,"name":"Portada","item":"https:\/\/centrekine.com\/ca\/"},{"@type":"ListItem","position":2,"name":"ACUPUNTURA: Tractament anticel\u00b7lul\u00edtic integratiu"}]},{"@type":"WebSite","@id":"https:\/\/centrekine.com\/#website","url":"https:\/\/centrekine.com\/","name":"Centre Kine","description":"Fisioter\u00e0pia, Osteopatia i ter\u00e0pies globals a Lleida","potentialAction":[{"@type":"SearchAction","target":{"@type":"EntryPoint","urlTemplate":"https:\/\/centrekine.com\/?s={search_term_string}"},"query-input":{"@type":"PropertyValueSpecification","valueRequired":true,"valueName":"search_term_string"}}],"inLanguage":"ca"},{"@type":"Person","@id":"https:\/\/centrekine.com\/#\/schema\/person\/79e773377c569a732ef029f5ee675192","name":"angel_rfgr2l1f","image":{"@type":"ImageObject","inLanguage":"ca","@id":"https:\/\/centrekine.com\/#\/schema\/person\/image\/","url":"https:\/\/secure.gravatar.com\/avatar\/ad8b00593a2116f47595bdc03abd51a8?s=96&d=mm&r=g","contentUrl":"https:\/\/secure.gravatar.com\/avatar\/ad8b00593a2116f47595bdc03abd51a8?s=96&d=mm&r=g","caption":"angel_rfgr2l1f"},"url":"https:\/\/centrekine.com\/ca\/author\/angel_rfgr2l1f\/"}]}},"_links":{"self":[{"href":"https:\/\/centrekine.com\/ca\/wp-json\/wp\/v2\/posts\/19613"}],"collection":[{"href":"https:\/\/centrekine.com\/ca\/wp-json\/wp\/v2\/posts"}],"about":[{"href":"https:\/\/centrekine.com\/ca\/wp-json\/wp\/v2\/types\/post"}],"author":[{"embeddable":true,"href":"https:\/\/centrekine.com\/ca\/wp-json\/wp\/v2\/users\/1"}],"replies":[{"embeddable":true,"href":"https:\/\/centrekine.com\/ca\/wp-json\/wp\/v2\/comments?post=19613"}],"version-history":[{"count":1,"href":"https:\/\/centrekine.com\/ca\/wp-json\/wp\/v2\/posts\/19613\/revisions"}],"predecessor-version":[{"id":19615,"href":"https:\/\/centrekine.com\/ca\/wp-json\/wp\/v2\/posts\/19613\/revisions\/19615"}],"wp:featuredmedia":[{"embeddable":true,"href":"https:\/\/centrekine.com\/ca\/wp-json\/wp\/v2\/media\/18533"}],"wp:attachment":[{"href":"https:\/\/centrekine.com\/ca\/wp-json\/wp\/v2\/media?parent=19613"}],"wp:term":[{"taxonomy":"category","embeddable":true,"href":"https:\/\/centrekine.com\/ca\/wp-json\/wp\/v2\/categories?post=19613"},{"taxonomy":"post_tag","embeddable":true,"href":"https:\/\/centrekine.com\/ca\/wp-json\/wp\/v2\/tags?post=19613"}],"curies":[{"name":"wp","href":"https:\/\/api.w.org\/{rel}","templated":true}]}}