{"id":19605,"date":"2024-08-29T07:30:32","date_gmt":"2024-08-29T06:30:32","guid":{"rendered":"https:\/\/centrekine.com\/acupuntura-acne-juvenil\/"},"modified":"2025-01-27T11:11:22","modified_gmt":"2025-01-27T10:11:22","slug":"acupuntura-acne-juvenil","status":"publish","type":"post","link":"https:\/\/centrekine.com\/ca\/acupuntura-acne-juvenil\/","title":{"rendered":"ACUPUNTURA: Acne juvenil"},"content":{"rendered":"<p><span style=\"vertical-align: inherit;\"><span style=\"vertical-align: inherit;\">Dona de 20 anys que es presenta a la consulta d&#8217; <\/span><\/span><strong><span style=\"vertical-align: inherit;\"><span style=\"vertical-align: inherit;\">acupuntura<\/span><\/span><\/strong><span style=\"vertical-align: inherit;\"><span style=\"vertical-align: inherit;\"> per un problema d&#8217;acne al voltant dels llavis, la barbeta i l&#8217;esquena. La pacient ho relaciona amb la menstruaci\u00f3. Pren anticonceptius per regular-la, ja que la menstruaci\u00f3 es presenta de manera irregular (4 o 5 dies avan\u00e7ada o amb retard).<\/span><\/span><\/p>\n<p><span style=\"vertical-align: inherit;\"><span style=\"vertical-align: inherit;\">Quan l&#8217;acne s&#8217;infecta, forma un gra ple de pus i per tractar-lo pren antibi\u00f2tic. Fa 2-3 anys que es troba en aquesta situaci\u00f3. Els grans cicatritzen i la pell presenta un aspecte irregular. Tot aix\u00f2 fa que no se senti segura pel seu aspecte ia part de les amistats.<\/span><\/span><\/p>\n<p><span style=\"vertical-align: inherit;\"><span style=\"vertical-align: inherit;\">Tamb\u00e9 t\u00e9 migranyes amb pressi\u00f3 sobre els ulls i en les parts laterals del cap.<\/span><\/span><\/p>\n<p><span style=\"vertical-align: inherit;\"><span style=\"vertical-align: inherit;\">Menja for\u00e7a sa i beu alcohol els dies de festa.<\/span><\/span><\/p>\n<p><span style=\"vertical-align: inherit;\"><span style=\"vertical-align: inherit;\">Ha tingut alguna crisi d?ansietat amb opressi\u00f3 de pit.<\/span><\/span><\/p>\n<p><span style=\"vertical-align: inherit;\"><span style=\"vertical-align: inherit;\">El tractament d&#8217; <\/span><\/span><a href=\"https:\/\/centrekine.com\/ca\/tratamientos\/acupuntura\/\"><span style=\"text-decoration: underline;\"><strong><span style=\"vertical-align: inherit;\"><span style=\"vertical-align: inherit;\">acupuntura<\/span><\/span><\/strong><\/span><\/a><span style=\"vertical-align: inherit;\"><span style=\"vertical-align: inherit;\"> consisteix a:<\/span><\/span><\/p>\n<ul>\n<li><span style=\"vertical-align: inherit;\"><span style=\"vertical-align: inherit;\">Dispersar i refredar calor a punts de melsa i pulm\u00f3.<\/span><\/span><\/li>\n<li><span style=\"vertical-align: inherit;\"><span style=\"vertical-align: inherit;\">Treure humitat (grans amb pus) a trav\u00e9s de la melsa.<\/span><\/span><\/li>\n<li><span style=\"vertical-align: inherit;\"><span style=\"vertical-align: inherit;\">Millorar l&#8217;eliminaci\u00f3 a trav\u00e9s de l&#8217;intest\u00ed gruixut.<\/span><\/span><\/li>\n<li><span style=\"vertical-align: inherit;\"><span style=\"vertical-align: inherit;\">Millorar l&#8217;estancament del fetge perqu\u00e8 les menstruacions es regulin.<\/span><\/span><\/li>\n<\/ul>\n<p><span style=\"vertical-align: inherit;\"><span style=\"vertical-align: inherit;\">La puntura \u00e9s local, \u00e9s a dir, a l&#8217;\u00e0rea afectada de la cara i del cos.<\/span><\/span><\/p>\n<p><span style=\"vertical-align: inherit;\"><span style=\"vertical-align: inherit;\">Acompanyem el tractament amb oligoelements de zinc i sofre i amb depuratius per al fetge.<\/span><\/span><\/p>\n<p><span style=\"vertical-align: inherit;\"><span style=\"vertical-align: inherit;\">Durant 4 setmanes realitzem una sessi\u00f3 setmanal d&#8217; <\/span><\/span><strong><span style=\"vertical-align: inherit;\"><span style=\"vertical-align: inherit;\">acupuntura<\/span><\/span><\/strong><span style=\"vertical-align: inherit;\"><span style=\"vertical-align: inherit;\"> . Despr\u00e9s cada 15 dies. Als 5 mesos d&#8217;haver comen\u00e7at el tractament, la menstruaci\u00f3 est\u00e0 regulada i no queda cap cicatriu a la cara. Est\u00e0 contenta i se sent molt segura de si mateixa.<\/span><\/span><\/p>\n<p><span style=\"vertical-align: inherit;\"><span style=\"vertical-align: inherit;\">Actualment, ve al <\/span><\/span><strong><span style=\"vertical-align: inherit;\"><span style=\"vertical-align: inherit;\">Centre Kine<\/span><\/span><\/strong><span style=\"vertical-align: inherit;\"><span style=\"vertical-align: inherit;\"> a fer-ne una revisi\u00f3 una vegada cada 2 mesos.<\/span><\/span><\/p>\n<p><span style=\"vertical-align: inherit;\"><span style=\"vertical-align: inherit;\">Espero que hagi estat del teu inter\u00e8s. <\/span><\/span><br \/>\n<span style=\"vertical-align: inherit;\"><span style=\"vertical-align: inherit;\">Una abra\u00e7ada, <\/span><\/span><br \/>\n<span style=\"vertical-align: inherit;\"><span style=\"vertical-align: inherit;\">Jordi Segura. <\/span><\/span><br \/>\n<span style=\"vertical-align: inherit;\"><span style=\"vertical-align: inherit;\">Director i oste\u00f2pata de Centre Kine.<\/span><\/span><\/p>\n","protected":false},"excerpt":{"rendered":"<p>Dona de 20 anys que es presenta a la consulta d&#8217; acupuntura per un problema d&#8217;acne al voltant dels llavis, la barbeta i l&#8217;esquena. La pacient ho relaciona amb la menstruaci\u00f3. Pren anticonceptius per regular-la, ja que la menstruaci\u00f3 es presenta de manera irregular (4 o 5 dies avan\u00e7ada o amb retard). Quan l&#8217;acne s&#8217;infecta, [&hellip;]<\/p>\n","protected":false},"author":1,"featured_media":18509,"comment_status":"closed","ping_status":"closed","sticky":false,"template":"","format":"standard","meta":{"_joinchat":[],"footnotes":""},"categories":[2004],"tags":[2086,2087,2000],"acf":[],"yoast_head":"<!-- This site is optimized with the Yoast SEO plugin v24.2 - https:\/\/yoast.com\/wordpress\/plugins\/seo\/ -->\n<title>ACUPUNTURA: Acne juvenil - Centre Kine<\/title>\n<meta name=\"robots\" content=\"index, follow, max-snippet:-1, max-image-preview:large, max-video-preview:-1\" \/>\n<link rel=\"canonical\" href=\"https:\/\/centrekine.com\/ca\/acupuntura-acne-juvenil\/\" \/>\n<meta property=\"og:locale\" content=\"ca_ES\" \/>\n<meta property=\"og:type\" content=\"article\" \/>\n<meta property=\"og:title\" content=\"ACUPUNTURA: Acne juvenil - Centre Kine\" \/>\n<meta property=\"og:description\" content=\"Dona de 20 anys que es presenta a la consulta d&#8217; acupuntura per un problema d&#8217;acne al voltant dels llavis, la barbeta i l&#8217;esquena. La pacient ho relaciona amb la menstruaci\u00f3. Pren anticonceptius per regular-la, ja que la menstruaci\u00f3 es presenta de manera irregular (4 o 5 dies avan\u00e7ada o amb retard). Quan l&#8217;acne s&#8217;infecta, [&hellip;]\" \/>\n<meta property=\"og:url\" content=\"https:\/\/centrekine.com\/ca\/acupuntura-acne-juvenil\/\" \/>\n<meta property=\"og:site_name\" content=\"Centre Kine\" \/>\n<meta property=\"article:published_time\" content=\"2024-08-29T06:30:32+00:00\" \/>\n<meta property=\"article:modified_time\" content=\"2025-01-27T10:11:22+00:00\" \/>\n<meta property=\"og:image\" content=\"https:\/\/centrekine.com\/wp-content\/uploads\/2024\/08\/acupuntura-acne-juvenil.jpg\" \/>\n\t<meta property=\"og:image:width\" content=\"1\" \/>\n\t<meta property=\"og:image:height\" content=\"1\" \/>\n\t<meta property=\"og:image:type\" content=\"image\/jpeg\" \/>\n<meta name=\"author\" content=\"angel_rfgr2l1f\" \/>\n<meta name=\"twitter:card\" content=\"summary_large_image\" \/>\n<meta name=\"twitter:label1\" content=\"Escrit per\" \/>\n\t<meta name=\"twitter:data1\" content=\"angel_rfgr2l1f\" \/>\n\t<meta name=\"twitter:label2\" content=\"Temps estimat de lectura\" \/>\n\t<meta name=\"twitter:data2\" content=\"2 minuts\" \/>\n<script type=\"application\/ld+json\" class=\"yoast-schema-graph\">{\"@context\":\"https:\/\/schema.org\",\"@graph\":[{\"@type\":\"WebPage\",\"@id\":\"https:\/\/centrekine.com\/ca\/acupuntura-acne-juvenil\/\",\"url\":\"https:\/\/centrekine.com\/ca\/acupuntura-acne-juvenil\/\",\"name\":\"ACUPUNTURA: Acne juvenil - Centre Kine\",\"isPartOf\":{\"@id\":\"https:\/\/centrekine.com\/#website\"},\"primaryImageOfPage\":{\"@id\":\"https:\/\/centrekine.com\/ca\/acupuntura-acne-juvenil\/#primaryimage\"},\"image\":{\"@id\":\"https:\/\/centrekine.com\/ca\/acupuntura-acne-juvenil\/#primaryimage\"},\"thumbnailUrl\":\"https:\/\/centrekine.com\/wp-content\/uploads\/2024\/08\/acupuntura-acne-juvenil.jpg\",\"datePublished\":\"2024-08-29T06:30:32+00:00\",\"dateModified\":\"2025-01-27T10:11:22+00:00\",\"author\":{\"@id\":\"https:\/\/centrekine.com\/#\/schema\/person\/79e773377c569a732ef029f5ee675192\"},\"breadcrumb\":{\"@id\":\"https:\/\/centrekine.com\/ca\/acupuntura-acne-juvenil\/#breadcrumb\"},\"inLanguage\":\"ca\",\"potentialAction\":[{\"@type\":\"ReadAction\",\"target\":[\"https:\/\/centrekine.com\/ca\/acupuntura-acne-juvenil\/\"]}]},{\"@type\":\"ImageObject\",\"inLanguage\":\"ca\",\"@id\":\"https:\/\/centrekine.com\/ca\/acupuntura-acne-juvenil\/#primaryimage\",\"url\":\"https:\/\/centrekine.com\/wp-content\/uploads\/2024\/08\/acupuntura-acne-juvenil.jpg\",\"contentUrl\":\"https:\/\/centrekine.com\/wp-content\/uploads\/2024\/08\/acupuntura-acne-juvenil.jpg\"},{\"@type\":\"BreadcrumbList\",\"@id\":\"https:\/\/centrekine.com\/ca\/acupuntura-acne-juvenil\/#breadcrumb\",\"itemListElement\":[{\"@type\":\"ListItem\",\"position\":1,\"name\":\"Portada\",\"item\":\"https:\/\/centrekine.com\/ca\/\"},{\"@type\":\"ListItem\",\"position\":2,\"name\":\"ACUPUNTURA: Acne juvenil\"}]},{\"@type\":\"WebSite\",\"@id\":\"https:\/\/centrekine.com\/#website\",\"url\":\"https:\/\/centrekine.com\/\",\"name\":\"Centre Kine\",\"description\":\"Fisioter\u00e0pia, Osteopatia i ter\u00e0pies globals a Lleida\",\"potentialAction\":[{\"@type\":\"SearchAction\",\"target\":{\"@type\":\"EntryPoint\",\"urlTemplate\":\"https:\/\/centrekine.com\/?s={search_term_string}\"},\"query-input\":{\"@type\":\"PropertyValueSpecification\",\"valueRequired\":true,\"valueName\":\"search_term_string\"}}],\"inLanguage\":\"ca\"},{\"@type\":\"Person\",\"@id\":\"https:\/\/centrekine.com\/#\/schema\/person\/79e773377c569a732ef029f5ee675192\",\"name\":\"angel_rfgr2l1f\",\"image\":{\"@type\":\"ImageObject\",\"inLanguage\":\"ca\",\"@id\":\"https:\/\/centrekine.com\/#\/schema\/person\/image\/\",\"url\":\"https:\/\/secure.gravatar.com\/avatar\/ad8b00593a2116f47595bdc03abd51a8?s=96&d=mm&r=g\",\"contentUrl\":\"https:\/\/secure.gravatar.com\/avatar\/ad8b00593a2116f47595bdc03abd51a8?s=96&d=mm&r=g\",\"caption\":\"angel_rfgr2l1f\"},\"url\":\"https:\/\/centrekine.com\/ca\/author\/angel_rfgr2l1f\/\"}]}<\/script>\n<!-- \/ Yoast SEO plugin. -->","yoast_head_json":{"title":"ACUPUNTURA: Acne juvenil - Centre Kine","robots":{"index":"index","follow":"follow","max-snippet":"max-snippet:-1","max-image-preview":"max-image-preview:large","max-video-preview":"max-video-preview:-1"},"canonical":"https:\/\/centrekine.com\/ca\/acupuntura-acne-juvenil\/","og_locale":"ca_ES","og_type":"article","og_title":"ACUPUNTURA: Acne juvenil - Centre Kine","og_description":"Dona de 20 anys que es presenta a la consulta d&#8217; acupuntura per un problema d&#8217;acne al voltant dels llavis, la barbeta i l&#8217;esquena. La pacient ho relaciona amb la menstruaci\u00f3. Pren anticonceptius per regular-la, ja que la menstruaci\u00f3 es presenta de manera irregular (4 o 5 dies avan\u00e7ada o amb retard). Quan l&#8217;acne s&#8217;infecta, [&hellip;]","og_url":"https:\/\/centrekine.com\/ca\/acupuntura-acne-juvenil\/","og_site_name":"Centre Kine","article_published_time":"2024-08-29T06:30:32+00:00","article_modified_time":"2025-01-27T10:11:22+00:00","og_image":[{"url":"https:\/\/centrekine.com\/wp-content\/uploads\/2024\/08\/acupuntura-acne-juvenil.jpg","width":1,"height":1,"type":"image\/jpeg"}],"author":"angel_rfgr2l1f","twitter_card":"summary_large_image","twitter_misc":{"Escrit per":"angel_rfgr2l1f","Temps estimat de lectura":"2 minuts"},"schema":{"@context":"https:\/\/schema.org","@graph":[{"@type":"WebPage","@id":"https:\/\/centrekine.com\/ca\/acupuntura-acne-juvenil\/","url":"https:\/\/centrekine.com\/ca\/acupuntura-acne-juvenil\/","name":"ACUPUNTURA: Acne juvenil - Centre Kine","isPartOf":{"@id":"https:\/\/centrekine.com\/#website"},"primaryImageOfPage":{"@id":"https:\/\/centrekine.com\/ca\/acupuntura-acne-juvenil\/#primaryimage"},"image":{"@id":"https:\/\/centrekine.com\/ca\/acupuntura-acne-juvenil\/#primaryimage"},"thumbnailUrl":"https:\/\/centrekine.com\/wp-content\/uploads\/2024\/08\/acupuntura-acne-juvenil.jpg","datePublished":"2024-08-29T06:30:32+00:00","dateModified":"2025-01-27T10:11:22+00:00","author":{"@id":"https:\/\/centrekine.com\/#\/schema\/person\/79e773377c569a732ef029f5ee675192"},"breadcrumb":{"@id":"https:\/\/centrekine.com\/ca\/acupuntura-acne-juvenil\/#breadcrumb"},"inLanguage":"ca","potentialAction":[{"@type":"ReadAction","target":["https:\/\/centrekine.com\/ca\/acupuntura-acne-juvenil\/"]}]},{"@type":"ImageObject","inLanguage":"ca","@id":"https:\/\/centrekine.com\/ca\/acupuntura-acne-juvenil\/#primaryimage","url":"https:\/\/centrekine.com\/wp-content\/uploads\/2024\/08\/acupuntura-acne-juvenil.jpg","contentUrl":"https:\/\/centrekine.com\/wp-content\/uploads\/2024\/08\/acupuntura-acne-juvenil.jpg"},{"@type":"BreadcrumbList","@id":"https:\/\/centrekine.com\/ca\/acupuntura-acne-juvenil\/#breadcrumb","itemListElement":[{"@type":"ListItem","position":1,"name":"Portada","item":"https:\/\/centrekine.com\/ca\/"},{"@type":"ListItem","position":2,"name":"ACUPUNTURA: Acne juvenil"}]},{"@type":"WebSite","@id":"https:\/\/centrekine.com\/#website","url":"https:\/\/centrekine.com\/","name":"Centre Kine","description":"Fisioter\u00e0pia, Osteopatia i ter\u00e0pies globals a Lleida","potentialAction":[{"@type":"SearchAction","target":{"@type":"EntryPoint","urlTemplate":"https:\/\/centrekine.com\/?s={search_term_string}"},"query-input":{"@type":"PropertyValueSpecification","valueRequired":true,"valueName":"search_term_string"}}],"inLanguage":"ca"},{"@type":"Person","@id":"https:\/\/centrekine.com\/#\/schema\/person\/79e773377c569a732ef029f5ee675192","name":"angel_rfgr2l1f","image":{"@type":"ImageObject","inLanguage":"ca","@id":"https:\/\/centrekine.com\/#\/schema\/person\/image\/","url":"https:\/\/secure.gravatar.com\/avatar\/ad8b00593a2116f47595bdc03abd51a8?s=96&d=mm&r=g","contentUrl":"https:\/\/secure.gravatar.com\/avatar\/ad8b00593a2116f47595bdc03abd51a8?s=96&d=mm&r=g","caption":"angel_rfgr2l1f"},"url":"https:\/\/centrekine.com\/ca\/author\/angel_rfgr2l1f\/"}]}},"_links":{"self":[{"href":"https:\/\/centrekine.com\/ca\/wp-json\/wp\/v2\/posts\/19605"}],"collection":[{"href":"https:\/\/centrekine.com\/ca\/wp-json\/wp\/v2\/posts"}],"about":[{"href":"https:\/\/centrekine.com\/ca\/wp-json\/wp\/v2\/types\/post"}],"author":[{"embeddable":true,"href":"https:\/\/centrekine.com\/ca\/wp-json\/wp\/v2\/users\/1"}],"replies":[{"embeddable":true,"href":"https:\/\/centrekine.com\/ca\/wp-json\/wp\/v2\/comments?post=19605"}],"version-history":[{"count":1,"href":"https:\/\/centrekine.com\/ca\/wp-json\/wp\/v2\/posts\/19605\/revisions"}],"predecessor-version":[{"id":19608,"href":"https:\/\/centrekine.com\/ca\/wp-json\/wp\/v2\/posts\/19605\/revisions\/19608"}],"wp:featuredmedia":[{"embeddable":true,"href":"https:\/\/centrekine.com\/ca\/wp-json\/wp\/v2\/media\/18509"}],"wp:attachment":[{"href":"https:\/\/centrekine.com\/ca\/wp-json\/wp\/v2\/media?parent=19605"}],"wp:term":[{"taxonomy":"category","embeddable":true,"href":"https:\/\/centrekine.com\/ca\/wp-json\/wp\/v2\/categories?post=19605"},{"taxonomy":"post_tag","embeddable":true,"href":"https:\/\/centrekine.com\/ca\/wp-json\/wp\/v2\/tags?post=19605"}],"curies":[{"name":"wp","href":"https:\/\/api.w.org\/{rel}","templated":true}]}}