{"id":19562,"date":"2024-08-29T07:31:13","date_gmt":"2024-08-29T06:31:13","guid":{"rendered":"https:\/\/centrekine.com\/escoliosis-sintomas-diagnostico-tratamiento\/"},"modified":"2025-01-27T10:50:36","modified_gmt":"2025-01-27T09:50:36","slug":"que-es-lescoliosi-simptomes-diagnostic-i-tractament","status":"publish","type":"post","link":"https:\/\/centrekine.com\/ca\/que-es-lescoliosi-simptomes-diagnostic-i-tractament\/","title":{"rendered":"Qu\u00e8 \u00e9s l&#8217;escoliosi? S\u00edmptomes, diagn\u00f2stic i tractament"},"content":{"rendered":"<p>&nbsp;<\/p>\n<p style=\"text-align: left;\"><span style=\"font-weight: 400;\"><strong><span style=\"vertical-align: inherit;\"><span style=\"vertical-align: inherit;\">Qu\u00e8 \u00e9s l&#8217;escoliosi? S\u00edmptomes, diagn\u00f2stic i tractament.<\/span><\/span><\/strong><span style=\"vertical-align: inherit;\"><span style=\"vertical-align: inherit;\"> En aquest article del <\/span><\/span><a href=\"https:\/\/centrekine.com\/ca\/blog\/\"><span style=\"vertical-align: inherit;\"><span style=\"vertical-align: inherit;\">bloc<\/span><\/span><\/a><span style=\"vertical-align: inherit;\"><span style=\"vertical-align: inherit;\"> t&#8217;expliquem i et presentarem com tractem aquesta patologia a <\/span><\/span><a href=\"https:\/\/centrekine.com\/ca\/\"><b><span style=\"vertical-align: inherit;\"><span style=\"vertical-align: inherit;\">Centre Kine.\u00a0<\/span><\/span><\/b><\/a><\/span><\/p>\n<p>&nbsp;<\/p>\n<p>&nbsp;<\/p>\n<h2 style=\"text-align: center;\"><b><span style=\"vertical-align: inherit;\"><span style=\"vertical-align: inherit;\">Qu\u00e8 \u00e9s l&#8217;escoliosi i per qu\u00e8 apareix?<\/span><\/span><\/b><\/h2>\n<p>&nbsp;<\/p>\n<p style=\"text-align: left;\"><span style=\"font-weight: 400;\"><span style=\"vertical-align: inherit;\"><span style=\"vertical-align: inherit;\">La <\/span><\/span><\/span><b><span style=\"vertical-align: inherit;\"><span style=\"vertical-align: inherit;\">columna vertebral <\/span><\/span><\/b><span style=\"font-weight: 400;\"><span style=\"vertical-align: inherit;\"><span style=\"vertical-align: inherit;\">\u00e9s leix de suport de la meitat superior del cos. Per mantenir l&#8217;equilibri i alleujar la tensi\u00f3 muscular, la columna presenta curvatures fisiol\u00f2giques al pla sagital del cos. Tot i aix\u00f2, l&#8217;escoliosi \u00e9s una <\/span><\/span><\/span><b><span style=\"vertical-align: inherit;\"><span style=\"vertical-align: inherit;\">desviaci\u00f3 lateral de la columna vertebral <\/span><\/span><span style=\"font-weight: 400;\"><span style=\"vertical-align: inherit;\"><span style=\"vertical-align: inherit;\">pot tenir un impacte significatiu en la qualitat de vida.<\/span><\/span><\/span><\/b><\/p>\n<h2 style=\"text-align: left;\"><\/h2>\n<p style=\"text-align: left;\"><span style=\"font-weight: 400;\"><span style=\"vertical-align: inherit;\"><span style=\"vertical-align: inherit;\">En aproximadament el 60% dels casos, se&#8217;n desconeix la causa, mentre que la resta est\u00e0 associat amb <\/span><\/span><\/span><b><span style=\"vertical-align: inherit;\"><span style=\"vertical-align: inherit;\">trastorns neurol\u00f2gics <\/span><\/span><\/b><span style=\"font-weight: 400;\"><span style=\"vertical-align: inherit;\"><span style=\"vertical-align: inherit;\">(par\u00e0lisi cerebral, atr\u00f2fia muscular espinal, distr\u00f2fia muscular) o <\/span><\/span><\/span><b><span style=\"vertical-align: inherit;\"><span style=\"vertical-align: inherit;\">trastorns musculoesquel\u00e8tics <\/span><\/span><\/b><span style=\"font-weight: 400;\"><span style=\"vertical-align: inherit;\"><span style=\"vertical-align: inherit;\">(difer\u00e8ncia de longitud entre una cama i l&#8217;altra, displ\u00e0sia de desenvolupament del maluc). (1)<\/span><\/span><\/span><\/p>\n<h2 style=\"text-align: left;\"><\/h2>\n<h3 style=\"text-align: left;\"><b><span style=\"vertical-align: inherit;\"><span style=\"vertical-align: inherit;\">Escoliosi idiop\u00e0tica adolescent<\/span><\/span><\/b><\/h3>\n<p>&nbsp;<\/p>\n<p style=\"text-align: left;\"><span style=\"font-weight: 400;\"><span style=\"vertical-align: inherit;\"><span style=\"vertical-align: inherit;\">Aquesta \u00e9s la deformitat de la columna vertebral m\u00e9s comuna vista pels metges d&#8217;atenci\u00f3 prim\u00e0ria, pediatres i cirurgians de <\/span><\/span><\/span><b><span style=\"vertical-align: inherit;\"><span style=\"vertical-align: inherit;\">columna vertebral <\/span><\/span><\/b><span style=\"font-weight: 400;\"><span style=\"vertical-align: inherit;\"><span style=\"vertical-align: inherit;\">, per\u00f2 tamb\u00e9 per fisioterapeutes. (2)<\/span><\/span><\/span><\/p>\n<p>&nbsp;<\/p>\n<h2 style=\"text-align: center;\"><b><span style=\"vertical-align: inherit;\"><span style=\"vertical-align: inherit;\">Tipus d&#8217;escoliosi i les seves caracter\u00edstiques<\/span><\/span><\/b><\/h2>\n<p>&nbsp;<\/p>\n<p style=\"text-align: left;\"><span style=\"font-weight: 400;\"><span style=\"vertical-align: inherit;\"><span style=\"vertical-align: inherit;\">Hi ha dos tipus principals d&#8217;escoliosi: la no estructural o funcional i l&#8217;estructural o \u00f2ssia. L&#8217; <\/span><\/span><\/span><b><span style=\"vertical-align: inherit;\"><span style=\"vertical-align: inherit;\">escoliosi no estructural <\/span><\/span><\/b><span style=\"font-weight: 400;\"><span style=\"vertical-align: inherit;\"><span style=\"vertical-align: inherit;\">\u00e9s reversible i pot ser causada per diversos factors, com ara actituds escoli\u00f2tiques, trastorns d&#8217;o\u00efda i vista, o la desigualtat en la longitud de les extremitats inferiors.\u00a0<\/span><\/span><\/span><\/p>\n<h2 style=\"text-align: left;\"><\/h2>\n<p style=\"text-align: left;\"><span style=\"font-weight: 400;\"><span style=\"vertical-align: inherit;\"><span style=\"vertical-align: inherit;\">D&#8217;altra banda, no es coneixen les causes de l&#8217; <\/span><\/span><\/span><b><span style=\"vertical-align: inherit;\"><span style=\"vertical-align: inherit;\">escoliosi estructural <\/span><\/span><\/b><span style=\"font-weight: 400;\"><span style=\"vertical-align: inherit;\"><span style=\"vertical-align: inherit;\">o escoliosi \u00f2ssia, implica <\/span><\/span><\/span><b><span style=\"vertical-align: inherit;\"><span style=\"vertical-align: inherit;\">curvatures de la columna vertebral <\/span><\/span><\/b><span style=\"font-weight: 400;\"><span style=\"vertical-align: inherit;\"><span style=\"vertical-align: inherit;\">amb rotaci\u00f3 de v\u00e8rtebres i sol ser irreversible. L&#8217;escoliosi pot presentar una curvatura \u00fanica, o pot apar\u00e8ixer una altra curvatura compensat\u00f2ria en sentit contrari per sobre o per sota de la desviaci\u00f3 inicial.<\/span><\/span><\/span><\/p>\n<p>&nbsp;<\/p>\n<h2 style=\"text-align: left;\"><img decoding=\"async\" class=\"lazyload size-medium wp-image-12940 aligncenter\" title=\"centre-kine-blog-escoliosi-columna-vertebral\" src=\"data:image\/svg+xml,%3Csvg%20xmlns%3D%27http%3A%2F%2Fwww.w3.org%2F2000%2Fsvg%27%20width%3D%27300%27%20height%3D%27207%27%20viewBox%3D%270%200%20300%20207%27%3E%3Crect%20width%3D%27300%27%20height%3D%27207%27%20fill-opacity%3D%220%22%2F%3E%3C%2Fsvg%3E\" data-orig-src=\"https:\/\/centrekine.com\/wp-content\/uploads\/2023\/06\/centre-kine-blog-escoliosi-columna-vertebral-300x207.webp\" alt=\"desviaci\u00f3 de columna escoliosi\" width=\"300\" height=\"207\" \/><\/h2>\n<p style=\"text-align: left;\"><span style=\"font-weight: 400;\"><span style=\"vertical-align: inherit;\"><span style=\"vertical-align: inherit;\">Fins ara, qualsevol <\/span><\/span><strong><span style=\"vertical-align: inherit;\"><span style=\"vertical-align: inherit;\">desviaci\u00f3 de la columna vertebral<\/span><\/span><\/strong><span style=\"vertical-align: inherit;\"><span style=\"vertical-align: inherit;\"> al pla frontal es considerava com a patol\u00f2gica, \u00e9s important destacar que actualment ja no \u00e9s aix\u00ed. vida normal.\u00a0<\/span><\/span><\/span><\/p>\n<p>&nbsp;<\/p>\n<h2 style=\"text-align: left;\"><\/h2>\n<h2 style=\"text-align: center;\"><b><span style=\"vertical-align: inherit;\"><span style=\"vertical-align: inherit;\">Com es diagnostica l&#8217;escoliosi?<\/span><\/span><\/b><\/h2>\n<p>&nbsp;<\/p>\n<p style=\"text-align: left;\"><span style=\"font-weight: 400;\"><span style=\"vertical-align: inherit;\"><span style=\"vertical-align: inherit;\">El <\/span><\/span><\/span><b><span style=\"vertical-align: inherit;\"><span style=\"vertical-align: inherit;\">diagn\u00f2stic de l&#8217;escoliosi <\/span><\/span><\/b><span style=\"font-weight: 400;\"><span style=\"vertical-align: inherit;\"><span style=\"vertical-align: inherit;\">es basa en l&#8217;examen cl\u00ednic i radiol\u00f2gic. Durant l&#8217;examen cl\u00ednic, es poden observar <\/span><\/span><\/span><b><span style=\"vertical-align: inherit;\"><span style=\"vertical-align: inherit;\">asimetries <\/span><\/span><\/b><span style=\"font-weight: 400;\"><span style=\"vertical-align: inherit;\"><span style=\"vertical-align: inherit;\">a les espatlles, esc\u00e0pules, malucs i pits, aix\u00ed com deformacions a l&#8217;angle de la cintura. la gravetat de la curvatura, es fa un examen radiol\u00f2gic.<\/span><\/span><\/span><\/p>\n<h2 style=\"text-align: left;\"><\/h2>\n<p style=\"text-align: left;\"><span style=\"font-weight: 400;\"><span style=\"vertical-align: inherit;\"><span style=\"vertical-align: inherit;\">D&#8217;altra banda, el <\/span><\/span><\/span><a href=\"https:\/\/www.mspbs.gov.py\/portal\/12623\/test-de-adams-una-prueba-oportuna-para-detectar-la-escoliosis.html\" target=\"_blank\" rel=\"noopener\"><b><span style=\"vertical-align: inherit;\"><span style=\"vertical-align: inherit;\">Test d&#8217;Adams<\/span><\/span><\/b><\/a><span style=\"font-weight: 400;\"><span style=\"vertical-align: inherit;\"><span style=\"vertical-align: inherit;\"> tamb\u00e9 pot revelar deformitats a la columna, consisteix a ajupir-se cap endavant amb les cames estirades i es pot observar que el tors no queda completament paral\u00b7lel amb el terra, sin\u00f3 que presenta una deformitat dorsal o lumbar.<\/span><\/span><\/span><\/p>\n<p>&nbsp;<\/p>\n<p style=\"text-align: left;\"><img decoding=\"async\" class=\"lazyload wp-image-12938 alignleft\" title=\"centre-kine-blog-escoliosi-radiografia\" src=\"data:image\/svg+xml,%3Csvg%20xmlns%3D%27http%3A%2F%2Fwww.w3.org%2F2000%2Fsvg%27%20width%3D%27330%27%20height%3D%27228%27%20viewBox%3D%270%200%20330%20228%27%3E%3Crect%20width%3D%27330%27%20height%3D%27228%27%20fill-opacity%3D%220%22%2F%3E%3C%2Fsvg%3E\" data-orig-src=\"https:\/\/centrekine.com\/wp-content\/uploads\/2023\/06\/centre-kine-blog-escoliosi-radiografia-300x207.webp\" alt=\"radiografia columna vertebral escoliosi\" width=\"330\" height=\"228\" \/><\/p>\n<h2 style=\"text-align: left;\"><\/h2>\n<h2 style=\"text-align: left;\"><b><span style=\"vertical-align: inherit;\"><span style=\"vertical-align: inherit;\">Principals causes de l&#8217;escoliosi<\/span><\/span><\/b><\/h2>\n<p>&nbsp;<\/p>\n<p style=\"text-align: left;\"><span style=\"font-weight: 400;\"><span style=\"vertical-align: inherit;\"><span style=\"vertical-align: inherit;\">En la majoria dels casos, no es coneixen exactament els factors o les <\/span><\/span><\/span><b><span style=\"vertical-align: inherit;\"><span style=\"vertical-align: inherit;\">causes de l&#8217;escoliosi <\/span><\/span><\/b><span style=\"font-weight: 400;\"><span style=\"vertical-align: inherit;\"><span style=\"vertical-align: inherit;\">. No obstant aix\u00f2, hi ha algunes condicions que poden contribuir a la seva aparici\u00f3:\u00a0<\/span><\/span><\/span><\/p>\n<h2 style=\"text-align: left;\"><\/h2>\n<ul style=\"text-align: left;\">\n<li style=\"font-weight: 400; text-align: left;\" aria-level=\"1\"><span style=\"font-weight: 400;\"><span style=\"vertical-align: inherit;\"><span style=\"vertical-align: inherit;\">Factors gen\u00e8tics: la malaltia ha estat heretada d&#8217;un dels pares.\u00a0<\/span><\/span><\/span><\/li>\n<li style=\"font-weight: 400; text-align: left;\" aria-level=\"1\"><span style=\"font-weight: 400;\"><span style=\"vertical-align: inherit;\"><span style=\"vertical-align: inherit;\">Factors hormonals o cong\u00e8nits: els ossos de la columna vertebral es van desenvolupar anormalment durant el proc\u00e9s de desenvolupament fetal.<\/span><\/span><\/span><\/li>\n<li style=\"font-weight: 400; text-align: left;\" aria-level=\"1\"><span style=\"font-weight: 400;\"><strong><span style=\"vertical-align: inherit;\"><span style=\"vertical-align: inherit;\">Trastorns neuromusculars<\/span><\/span><\/strong><span style=\"vertical-align: inherit;\"><span style=\"vertical-align: inherit;\"> : distr\u00f2fies musculars o condicions com la neurofibromatosi i la par\u00e0lisi cerebral.<\/span><\/span><\/span><\/li>\n<li style=\"font-weight: 400; text-align: left;\" aria-level=\"1\"><span style=\"font-weight: 400;\"><span style=\"vertical-align: inherit;\"><span style=\"vertical-align: inherit;\">Postures mantingudes<\/span><\/span><\/span><\/li>\n<\/ul>\n<h2 style=\"text-align: left;\"><\/h2>\n<h2 style=\"text-align: left;\"><b><span style=\"vertical-align: inherit;\"><span style=\"vertical-align: inherit;\">Tractaments de l&#8217;escoliosi<\/span><\/span><\/b><\/h2>\n<h2 style=\"text-align: left;\"><\/h2>\n<ul style=\"text-align: left;\">\n<li style=\"font-weight: 400; text-align: left;\" aria-level=\"1\"><span style=\"font-weight: 400;\"><span style=\"vertical-align: inherit;\"><span style=\"vertical-align: inherit;\">El <\/span><\/span><\/span><b><span style=\"vertical-align: inherit;\"><span style=\"vertical-align: inherit;\">tractament conservador <\/span><\/span><\/b><span style=\"font-weight: 400;\"><span style=\"vertical-align: inherit;\"><span style=\"vertical-align: inherit;\">es fa servir una combinaci\u00f3 de fisioter\u00e0pia amb exercicis terap\u00e8utics amb l&#8217;objectiu d&#8217;ajudar a corregir les deformitats de l&#8217;aparell locomotor, frenar l&#8217;evoluci\u00f3 i reduir els s\u00edmptomes de l&#8217;escoliosi.<\/span><\/span><\/span><\/li>\n<li style=\"font-weight: 400; text-align: left;\" aria-level=\"1\"><span style=\"font-weight: 400;\"><span style=\"vertical-align: inherit;\"><span style=\"vertical-align: inherit;\">El <\/span><\/span><\/span><b><span style=\"vertical-align: inherit;\"><span style=\"vertical-align: inherit;\">tractament ortop\u00e8dic <\/span><\/span><\/b><span style=\"font-weight: 400;\"><span style=\"vertical-align: inherit;\"><span style=\"vertical-align: inherit;\">s&#8217;aplica en el cas d&#8217; <\/span><\/span><\/span><b><span style=\"vertical-align: inherit;\"><span style=\"vertical-align: inherit;\">escoliosi evolutiva <\/span><\/span><\/b><span style=\"font-weight: 400;\"><span style=\"vertical-align: inherit;\"><span style=\"vertical-align: inherit;\">amb una curvatura de 20-40\u00ba. Consisteix en l&#8217;aplicaci\u00f3 de <\/span><\/span><a href=\"https:\/\/ortopediaqueralto.com\/producto\/corse\/\" target=\"_blank\" rel=\"noopener\"><strong><span style=\"vertical-align: inherit;\"><span style=\"vertical-align: inherit;\">cotilla ortop\u00e8dica<\/span><\/span><\/strong><\/a><span style=\"vertical-align: inherit;\"><span style=\"vertical-align: inherit;\"> per reduir la deformitat i mantenir la correcci\u00f3 durant el proc\u00e9s de creixement dels nens o en adolescents per frenar l&#8217;evoluci\u00f3 de l&#8217;escoliosi.<\/span><\/span><\/span><\/li>\n<li style=\"font-weight: 400; text-align: left;\" aria-level=\"1\"><span style=\"font-weight: 400;\"><span style=\"vertical-align: inherit;\"><span style=\"vertical-align: inherit;\">El <\/span><\/span><\/span><b><span style=\"vertical-align: inherit;\"><span style=\"vertical-align: inherit;\">tractament quir\u00fargic <\/span><\/span><\/b><span style=\"font-weight: 400;\"><span style=\"vertical-align: inherit;\"><span style=\"vertical-align: inherit;\">\u00e9s poc com\u00fa i es requereix quan l&#8217;angle de l&#8217;escoliosi supera els 45\u00ba. La <\/span><\/span><\/span><b><span style=\"vertical-align: inherit;\"><span style=\"vertical-align: inherit;\">fisioter\u00e0pia <\/span><\/span><\/b><span style=\"font-weight: 400;\"><span style=\"vertical-align: inherit;\"><span style=\"vertical-align: inherit;\">\u00e9s molt important per al pacient, tant al preoperatori com al postoperatori.<\/span><\/span><\/span><\/li>\n<\/ul>\n<h2 style=\"text-align: left;\"><\/h2>\n<p style=\"text-align: left;\"><span style=\"font-weight: 400;\"><span style=\"vertical-align: inherit;\"><span style=\"vertical-align: inherit;\">Ajuda el pacient a preparar-se per a la intervenci\u00f3 quir\u00fargica per obtenir els millors resultats terap\u00e8utics, com despr\u00e9s de la intervenci\u00f3, per assegurar la <\/span><\/span><\/span><b><span style=\"vertical-align: inherit;\"><span style=\"vertical-align: inherit;\">readaptaci\u00f3 funcional <\/span><\/span><\/b><span style=\"font-weight: 400;\"><span style=\"vertical-align: inherit;\"><span style=\"vertical-align: inherit;\">del pacient.\u00a0<\/span><\/span><\/span><\/p>\n<h2 style=\"text-align: left;\"><\/h2>\n<h2 style=\"text-align: center;\"><b><span style=\"vertical-align: inherit;\"><span style=\"vertical-align: inherit;\">Com et podem ajudar a Centre Kine?<\/span><\/span><\/b><\/h2>\n<h2 style=\"text-align: left;\"><\/h2>\n<p style=\"text-align: left;\"><span style=\"font-weight: 400;\"><span style=\"vertical-align: inherit;\"><span style=\"vertical-align: inherit;\">A <\/span><\/span><strong><span style=\"vertical-align: inherit;\"><span style=\"vertical-align: inherit;\">Centre Kine<\/span><\/span><\/strong><span style=\"vertical-align: inherit;\"><span style=\"vertical-align: inherit;\"> oferim diferents tractaments efica\u00e7os per tractar l&#8217;escoliosi i el nostre enfocament inclou fisioter\u00e0pia, exercicis terap\u00e8utics i m\u00e8todes complementaris. Destaquem dues opcions terap\u00e8utiques que s\u00f3n especialment beneficioses:<\/span><\/span><\/span><\/p>\n<ul style=\"text-align: left;\">\n<li style=\"font-weight: 400;\" aria-level=\"1\"><span style=\"font-weight: 400;\"><a href=\"https:\/\/centrekine.com\/treatments1\/indiba\/\"><strong><span style=\"vertical-align: inherit;\"><span style=\"vertical-align: inherit;\">INDIBA<\/span><\/span><\/strong><\/a><span style=\"vertical-align: inherit;\"><span style=\"vertical-align: inherit;\"> : aquesta t\u00e8cnica ajuda a reduir el dolor i normalitzar el to muscular. Millora la vasodilataci\u00f3, augmenta el flux sanguini i accelera els processos curatius.<\/span><\/span><\/span><\/li>\n<li style=\"font-weight: 400;\" aria-level=\"1\"><span style=\"font-weight: 400;\"><strong><span style=\"vertical-align: inherit;\"><span style=\"vertical-align: inherit;\">Punci\u00f3 seca<\/span><\/span><\/strong><span style=\"vertical-align: inherit;\"><span style=\"vertical-align: inherit;\"> : es tracta d&#8217;una t\u00e8cnica invasiva que contribueix a disminuir el to muscular i alleujar el dolor.<\/span><\/span><\/span><\/li>\n<\/ul>\n<p style=\"text-align: left;\"><span style=\"font-weight: 400;\"><span style=\"vertical-align: inherit;\"><span style=\"vertical-align: inherit;\">Els nostres fisioterapeutes altament capacitats faran una valoraci\u00f3 f\u00edsica i dissenyaran un pla de tractament personalitzat que inclogui <\/span><\/span><strong><span style=\"vertical-align: inherit;\"><span style=\"vertical-align: inherit;\">exercicis terap\u00e8utics<\/span><\/span><\/strong><span style=\"vertical-align: inherit;\"><span style=\"vertical-align: inherit;\"> espec\u00edfics i altres t\u00e8cniques complement\u00e0ries.\u00a0<\/span><\/span><\/span><\/p>\n<p>&nbsp;<\/p>\n<p>&nbsp;<\/p>\n<h3 style=\"text-align: left;\"><b><span style=\"vertical-align: inherit;\"><span style=\"vertical-align: inherit;\">Contacta amb professionals\u00a0<\/span><\/span><\/b><\/h3>\n<p style=\"text-align: left;\"><span style=\"font-weight: 400;\"><span style=\"vertical-align: inherit;\"><span style=\"vertical-align: inherit;\">Si has estat diagnosticat amb escoliosi i necessites ajuda professional, no dubtis a posar-te en contacte amb nosaltres. Per obtenir m\u00e9s informaci\u00f3 o programar una cita, contacta&#8217;ns a trav\u00e9s de:\u00a0<\/span><\/span><\/span><\/p>\n<ul style=\"text-align: left;\">\n<li style=\"font-weight: 400;\" aria-level=\"1\"><span style=\"font-weight: 400;\"><span style=\"vertical-align: inherit;\"><span style=\"vertical-align: inherit;\">Tel\u00e8fon 973233703<\/span><\/span><\/span><\/li>\n<li style=\"font-weight: 400;\" aria-level=\"1\"><span style=\"font-weight: 400;\"><span style=\"vertical-align: inherit;\"><span style=\"vertical-align: inherit;\">Whatsapp al 677561659<\/span><\/span><\/span><\/li>\n<li style=\"font-weight: 400;\" aria-level=\"1\"><a href=\"https:\/\/centrekine.com\/ca\/contacte\/\"><span style=\"font-weight: 400;\"><span style=\"vertical-align: inherit;\"><span style=\"vertical-align: inherit;\">Formulari web<\/span><\/span><\/span><\/a><\/li>\n<li style=\"font-weight: 400;\" aria-level=\"1\"><span style=\"font-weight: 400;\"><span style=\"vertical-align: inherit;\"><span style=\"vertical-align: inherit;\">Correu electr\u00f2nic a <\/span><\/span><a href=\"info@centrekine.com\" target=\"_blank\" rel=\"noopener\"><span style=\"vertical-align: inherit;\"><span style=\"vertical-align: inherit;\">info@centrekine.com<\/span><\/span><\/a><\/span><\/li>\n<\/ul>\n<h2 style=\"text-align: left;\"><\/h2>\n<p style=\"text-align: left;\"><span style=\"font-weight: 400;\"><span style=\"vertical-align: inherit;\"><span style=\"vertical-align: inherit;\">Si prefereixes visitar-nos en persona, ens trobar\u00e0s al <\/span><\/span><a href=\"https:\/\/www.google.com\/maps\/d\/embed?mid=13Rd-cV0r3PpbC6tO2LbONu0MMxY\" target=\"_blank\" rel=\"noopener\"><span style=\"vertical-align: inherit;\"><span style=\"vertical-align: inherit;\">Passeig de Ronda, 164<\/span><\/span><\/a><span style=\"vertical-align: inherit;\"><span style=\"vertical-align: inherit;\"> o al carrer <\/span><\/span><a href=\"https:\/\/www.google.com\/maps\/d\/embed?mid=13Rd-cV0r3PpbC6tO2LbONu0MMxY\" target=\"_blank\" rel=\"noopener\"><span style=\"vertical-align: inherit;\"><span style=\"vertical-align: inherit;\">Santa Cec\u00edlia, 20.<\/span><\/span><\/a><\/span><\/p>\n<h2 style=\"text-align: left;\"><\/h2>\n<p style=\"text-align: left;\"><span style=\"font-weight: 400;\"><span style=\"vertical-align: inherit;\"><span style=\"vertical-align: inherit;\">No deixeu que l&#8217;escoliosi limiti la vostra vida! A\u00a0 <\/span><\/span><a href=\"https:\/\/centrekine.com\/ca\/\"><strong><span style=\"vertical-align: inherit;\"><span style=\"vertical-align: inherit;\">Centre Kine<\/span><\/span><\/strong><\/a><span style=\"vertical-align: inherit;\"><span style=\"vertical-align: inherit;\"> som aqu\u00ed per ajudar-te a millorar el teu benestar i qualitat de vida.<\/span><\/span><\/span><\/p>\n<hr \/>\n<h2><b><span style=\"vertical-align: inherit;\"><span style=\"vertical-align: inherit;\">Refer\u00e8ncies:<\/span><\/span><\/b><\/h2>\n<ol>\n<li style=\"font-weight: 400;\" aria-level=\"1\"><span style=\"font-weight: 400;\"><span style=\"vertical-align: inherit;\"><span style=\"vertical-align: inherit;\">Rosenberg JJ. Scoliosi. Pediatre Rev. 2011 Set;32(9):397-8; discussion 398. doi: 10.1542\/pir.32-9-397. PMID: 21885664.<\/span><\/span><\/span><\/li>\n<li style=\"font-weight: 400;\" aria-level=\"1\"><span style=\"font-weight: 400;\"><span style=\"vertical-align: inherit;\"><span style=\"vertical-align: inherit;\">Altaf F, Gibson A, Dannawi Z, Noordeen H. Adolescent idiopathic scoliosi. BMJ. 2013 Apr 30;346:f2508. doi: 10.1136\/bmj.f2508. PMID: 23633006.<\/span><\/span><\/span><\/li>\n<\/ol>\n<p>&nbsp;<\/p>\n<p style=\"padding-left: 40px;\">\n","protected":false},"excerpt":{"rendered":"<p>&nbsp; Qu\u00e8 \u00e9s l&#8217;escoliosi? S\u00edmptomes, diagn\u00f2stic i tractament. En aquest article del bloc t&#8217;expliquem i et presentarem com tractem aquesta patologia a Centre Kine.\u00a0 &nbsp; &nbsp; Qu\u00e8 \u00e9s l&#8217;escoliosi i per qu\u00e8 apareix? &nbsp; La columna vertebral \u00e9s leix de suport de la meitat superior del cos. Per mantenir l&#8217;equilibri i alleujar la tensi\u00f3 muscular, [&hellip;]<\/p>\n","protected":false},"author":1,"featured_media":18837,"comment_status":"open","ping_status":"open","sticky":false,"template":"","format":"standard","meta":{"_joinchat":[],"footnotes":""},"categories":[1910,1911,1926],"tags":[1914,2035,2036,2037,2038,2039,2040,1916,1918,1946,2041],"acf":[],"yoast_head":"<!-- This site is optimized with the Yoast SEO plugin v24.2 - https:\/\/yoast.com\/wordpress\/plugins\/seo\/ -->\n<title>Qu\u00e8 \u00e9s l&#039;escoliosi? S\u00edmptomes, diagn\u00f2stic i tractament - Centre Kine<\/title>\n<meta name=\"robots\" content=\"index, follow, max-snippet:-1, max-image-preview:large, max-video-preview:-1\" \/>\n<link rel=\"canonical\" href=\"https:\/\/centrekine.com\/ca\/que-es-lescoliosi-simptomes-diagnostic-i-tractament\/\" \/>\n<meta property=\"og:locale\" content=\"ca_ES\" \/>\n<meta property=\"og:type\" content=\"article\" \/>\n<meta property=\"og:title\" content=\"Qu\u00e8 \u00e9s l&#039;escoliosi? S\u00edmptomes, diagn\u00f2stic i tractament - Centre Kine\" \/>\n<meta property=\"og:description\" content=\"&nbsp; Qu\u00e8 \u00e9s l&#8217;escoliosi? S\u00edmptomes, diagn\u00f2stic i tractament. En aquest article del bloc t&#8217;expliquem i et presentarem com tractem aquesta patologia a Centre Kine.\u00a0 &nbsp; &nbsp; Qu\u00e8 \u00e9s l&#8217;escoliosi i per qu\u00e8 apareix? &nbsp; La columna vertebral \u00e9s leix de suport de la meitat superior del cos. Per mantenir l&#8217;equilibri i alleujar la tensi\u00f3 muscular, [&hellip;]\" \/>\n<meta property=\"og:url\" content=\"https:\/\/centrekine.com\/ca\/que-es-lescoliosi-simptomes-diagnostic-i-tractament\/\" \/>\n<meta property=\"og:site_name\" content=\"Centre Kine\" \/>\n<meta property=\"article:published_time\" content=\"2024-08-29T06:31:13+00:00\" \/>\n<meta property=\"article:modified_time\" content=\"2025-01-27T09:50:36+00:00\" \/>\n<meta property=\"og:image\" content=\"https:\/\/centrekine.com\/wp-content\/uploads\/2024\/08\/centre-kine-blog-escoliosi.webp\" \/>\n\t<meta property=\"og:image:width\" content=\"300\" \/>\n\t<meta property=\"og:image:height\" content=\"207\" \/>\n\t<meta property=\"og:image:type\" content=\"image\/webp\" \/>\n<meta name=\"author\" content=\"angel_rfgr2l1f\" \/>\n<meta name=\"twitter:card\" content=\"summary_large_image\" \/>\n<meta name=\"twitter:label1\" content=\"Escrit per\" \/>\n\t<meta name=\"twitter:data1\" content=\"angel_rfgr2l1f\" \/>\n\t<meta name=\"twitter:label2\" content=\"Temps estimat de lectura\" \/>\n\t<meta name=\"twitter:data2\" content=\"5 minuts\" \/>\n<script type=\"application\/ld+json\" class=\"yoast-schema-graph\">{\"@context\":\"https:\/\/schema.org\",\"@graph\":[{\"@type\":\"WebPage\",\"@id\":\"https:\/\/centrekine.com\/ca\/que-es-lescoliosi-simptomes-diagnostic-i-tractament\/\",\"url\":\"https:\/\/centrekine.com\/ca\/que-es-lescoliosi-simptomes-diagnostic-i-tractament\/\",\"name\":\"Qu\u00e8 \u00e9s l'escoliosi? S\u00edmptomes, diagn\u00f2stic i tractament - Centre Kine\",\"isPartOf\":{\"@id\":\"https:\/\/centrekine.com\/#website\"},\"primaryImageOfPage\":{\"@id\":\"https:\/\/centrekine.com\/ca\/que-es-lescoliosi-simptomes-diagnostic-i-tractament\/#primaryimage\"},\"image\":{\"@id\":\"https:\/\/centrekine.com\/ca\/que-es-lescoliosi-simptomes-diagnostic-i-tractament\/#primaryimage\"},\"thumbnailUrl\":\"https:\/\/centrekine.com\/wp-content\/uploads\/2024\/08\/centre-kine-blog-escoliosi.webp\",\"datePublished\":\"2024-08-29T06:31:13+00:00\",\"dateModified\":\"2025-01-27T09:50:36+00:00\",\"author\":{\"@id\":\"https:\/\/centrekine.com\/#\/schema\/person\/79e773377c569a732ef029f5ee675192\"},\"breadcrumb\":{\"@id\":\"https:\/\/centrekine.com\/ca\/que-es-lescoliosi-simptomes-diagnostic-i-tractament\/#breadcrumb\"},\"inLanguage\":\"ca\",\"potentialAction\":[{\"@type\":\"ReadAction\",\"target\":[\"https:\/\/centrekine.com\/ca\/que-es-lescoliosi-simptomes-diagnostic-i-tractament\/\"]}]},{\"@type\":\"ImageObject\",\"inLanguage\":\"ca\",\"@id\":\"https:\/\/centrekine.com\/ca\/que-es-lescoliosi-simptomes-diagnostic-i-tractament\/#primaryimage\",\"url\":\"https:\/\/centrekine.com\/wp-content\/uploads\/2024\/08\/centre-kine-blog-escoliosi.webp\",\"contentUrl\":\"https:\/\/centrekine.com\/wp-content\/uploads\/2024\/08\/centre-kine-blog-escoliosi.webp\",\"width\":300,\"height\":207},{\"@type\":\"BreadcrumbList\",\"@id\":\"https:\/\/centrekine.com\/ca\/que-es-lescoliosi-simptomes-diagnostic-i-tractament\/#breadcrumb\",\"itemListElement\":[{\"@type\":\"ListItem\",\"position\":1,\"name\":\"Portada\",\"item\":\"https:\/\/centrekine.com\/ca\/\"},{\"@type\":\"ListItem\",\"position\":2,\"name\":\"Qu\u00e8 \u00e9s l&#8217;escoliosi? S\u00edmptomes, diagn\u00f2stic i tractament\"}]},{\"@type\":\"WebSite\",\"@id\":\"https:\/\/centrekine.com\/#website\",\"url\":\"https:\/\/centrekine.com\/\",\"name\":\"Centre Kine\",\"description\":\"Fisioter\u00e0pia, Osteopatia i ter\u00e0pies globals a Lleida\",\"potentialAction\":[{\"@type\":\"SearchAction\",\"target\":{\"@type\":\"EntryPoint\",\"urlTemplate\":\"https:\/\/centrekine.com\/?s={search_term_string}\"},\"query-input\":{\"@type\":\"PropertyValueSpecification\",\"valueRequired\":true,\"valueName\":\"search_term_string\"}}],\"inLanguage\":\"ca\"},{\"@type\":\"Person\",\"@id\":\"https:\/\/centrekine.com\/#\/schema\/person\/79e773377c569a732ef029f5ee675192\",\"name\":\"angel_rfgr2l1f\",\"image\":{\"@type\":\"ImageObject\",\"inLanguage\":\"ca\",\"@id\":\"https:\/\/centrekine.com\/#\/schema\/person\/image\/\",\"url\":\"https:\/\/secure.gravatar.com\/avatar\/ad8b00593a2116f47595bdc03abd51a8?s=96&d=mm&r=g\",\"contentUrl\":\"https:\/\/secure.gravatar.com\/avatar\/ad8b00593a2116f47595bdc03abd51a8?s=96&d=mm&r=g\",\"caption\":\"angel_rfgr2l1f\"},\"url\":\"https:\/\/centrekine.com\/ca\/author\/angel_rfgr2l1f\/\"}]}<\/script>\n<!-- \/ Yoast SEO plugin. -->","yoast_head_json":{"title":"Qu\u00e8 \u00e9s l'escoliosi? S\u00edmptomes, diagn\u00f2stic i tractament - Centre Kine","robots":{"index":"index","follow":"follow","max-snippet":"max-snippet:-1","max-image-preview":"max-image-preview:large","max-video-preview":"max-video-preview:-1"},"canonical":"https:\/\/centrekine.com\/ca\/que-es-lescoliosi-simptomes-diagnostic-i-tractament\/","og_locale":"ca_ES","og_type":"article","og_title":"Qu\u00e8 \u00e9s l'escoliosi? S\u00edmptomes, diagn\u00f2stic i tractament - Centre Kine","og_description":"&nbsp; Qu\u00e8 \u00e9s l&#8217;escoliosi? S\u00edmptomes, diagn\u00f2stic i tractament. En aquest article del bloc t&#8217;expliquem i et presentarem com tractem aquesta patologia a Centre Kine.\u00a0 &nbsp; &nbsp; Qu\u00e8 \u00e9s l&#8217;escoliosi i per qu\u00e8 apareix? &nbsp; La columna vertebral \u00e9s leix de suport de la meitat superior del cos. Per mantenir l&#8217;equilibri i alleujar la tensi\u00f3 muscular, [&hellip;]","og_url":"https:\/\/centrekine.com\/ca\/que-es-lescoliosi-simptomes-diagnostic-i-tractament\/","og_site_name":"Centre Kine","article_published_time":"2024-08-29T06:31:13+00:00","article_modified_time":"2025-01-27T09:50:36+00:00","og_image":[{"width":300,"height":207,"url":"https:\/\/centrekine.com\/wp-content\/uploads\/2024\/08\/centre-kine-blog-escoliosi.webp","type":"image\/webp"}],"author":"angel_rfgr2l1f","twitter_card":"summary_large_image","twitter_misc":{"Escrit per":"angel_rfgr2l1f","Temps estimat de lectura":"5 minuts"},"schema":{"@context":"https:\/\/schema.org","@graph":[{"@type":"WebPage","@id":"https:\/\/centrekine.com\/ca\/que-es-lescoliosi-simptomes-diagnostic-i-tractament\/","url":"https:\/\/centrekine.com\/ca\/que-es-lescoliosi-simptomes-diagnostic-i-tractament\/","name":"Qu\u00e8 \u00e9s l'escoliosi? S\u00edmptomes, diagn\u00f2stic i tractament - Centre Kine","isPartOf":{"@id":"https:\/\/centrekine.com\/#website"},"primaryImageOfPage":{"@id":"https:\/\/centrekine.com\/ca\/que-es-lescoliosi-simptomes-diagnostic-i-tractament\/#primaryimage"},"image":{"@id":"https:\/\/centrekine.com\/ca\/que-es-lescoliosi-simptomes-diagnostic-i-tractament\/#primaryimage"},"thumbnailUrl":"https:\/\/centrekine.com\/wp-content\/uploads\/2024\/08\/centre-kine-blog-escoliosi.webp","datePublished":"2024-08-29T06:31:13+00:00","dateModified":"2025-01-27T09:50:36+00:00","author":{"@id":"https:\/\/centrekine.com\/#\/schema\/person\/79e773377c569a732ef029f5ee675192"},"breadcrumb":{"@id":"https:\/\/centrekine.com\/ca\/que-es-lescoliosi-simptomes-diagnostic-i-tractament\/#breadcrumb"},"inLanguage":"ca","potentialAction":[{"@type":"ReadAction","target":["https:\/\/centrekine.com\/ca\/que-es-lescoliosi-simptomes-diagnostic-i-tractament\/"]}]},{"@type":"ImageObject","inLanguage":"ca","@id":"https:\/\/centrekine.com\/ca\/que-es-lescoliosi-simptomes-diagnostic-i-tractament\/#primaryimage","url":"https:\/\/centrekine.com\/wp-content\/uploads\/2024\/08\/centre-kine-blog-escoliosi.webp","contentUrl":"https:\/\/centrekine.com\/wp-content\/uploads\/2024\/08\/centre-kine-blog-escoliosi.webp","width":300,"height":207},{"@type":"BreadcrumbList","@id":"https:\/\/centrekine.com\/ca\/que-es-lescoliosi-simptomes-diagnostic-i-tractament\/#breadcrumb","itemListElement":[{"@type":"ListItem","position":1,"name":"Portada","item":"https:\/\/centrekine.com\/ca\/"},{"@type":"ListItem","position":2,"name":"Qu\u00e8 \u00e9s l&#8217;escoliosi? S\u00edmptomes, diagn\u00f2stic i tractament"}]},{"@type":"WebSite","@id":"https:\/\/centrekine.com\/#website","url":"https:\/\/centrekine.com\/","name":"Centre Kine","description":"Fisioter\u00e0pia, Osteopatia i ter\u00e0pies globals a Lleida","potentialAction":[{"@type":"SearchAction","target":{"@type":"EntryPoint","urlTemplate":"https:\/\/centrekine.com\/?s={search_term_string}"},"query-input":{"@type":"PropertyValueSpecification","valueRequired":true,"valueName":"search_term_string"}}],"inLanguage":"ca"},{"@type":"Person","@id":"https:\/\/centrekine.com\/#\/schema\/person\/79e773377c569a732ef029f5ee675192","name":"angel_rfgr2l1f","image":{"@type":"ImageObject","inLanguage":"ca","@id":"https:\/\/centrekine.com\/#\/schema\/person\/image\/","url":"https:\/\/secure.gravatar.com\/avatar\/ad8b00593a2116f47595bdc03abd51a8?s=96&d=mm&r=g","contentUrl":"https:\/\/secure.gravatar.com\/avatar\/ad8b00593a2116f47595bdc03abd51a8?s=96&d=mm&r=g","caption":"angel_rfgr2l1f"},"url":"https:\/\/centrekine.com\/ca\/author\/angel_rfgr2l1f\/"}]}},"_links":{"self":[{"href":"https:\/\/centrekine.com\/ca\/wp-json\/wp\/v2\/posts\/19562"}],"collection":[{"href":"https:\/\/centrekine.com\/ca\/wp-json\/wp\/v2\/posts"}],"about":[{"href":"https:\/\/centrekine.com\/ca\/wp-json\/wp\/v2\/types\/post"}],"author":[{"embeddable":true,"href":"https:\/\/centrekine.com\/ca\/wp-json\/wp\/v2\/users\/1"}],"replies":[{"embeddable":true,"href":"https:\/\/centrekine.com\/ca\/wp-json\/wp\/v2\/comments?post=19562"}],"version-history":[{"count":2,"href":"https:\/\/centrekine.com\/ca\/wp-json\/wp\/v2\/posts\/19562\/revisions"}],"predecessor-version":[{"id":19566,"href":"https:\/\/centrekine.com\/ca\/wp-json\/wp\/v2\/posts\/19562\/revisions\/19566"}],"wp:featuredmedia":[{"embeddable":true,"href":"https:\/\/centrekine.com\/ca\/wp-json\/wp\/v2\/media\/18837"}],"wp:attachment":[{"href":"https:\/\/centrekine.com\/ca\/wp-json\/wp\/v2\/media?parent=19562"}],"wp:term":[{"taxonomy":"category","embeddable":true,"href":"https:\/\/centrekine.com\/ca\/wp-json\/wp\/v2\/categories?post=19562"},{"taxonomy":"post_tag","embeddable":true,"href":"https:\/\/centrekine.com\/ca\/wp-json\/wp\/v2\/tags?post=19562"}],"curies":[{"name":"wp","href":"https:\/\/api.w.org\/{rel}","templated":true}]}}