{"id":19528,"date":"2024-08-29T07:31:14","date_gmt":"2024-08-29T06:31:14","guid":{"rendered":"https:\/\/centrekine.com\/fractura-femur-tipos-sintomas-tratamientos-lleida\/"},"modified":"2025-01-27T10:21:29","modified_gmt":"2025-01-27T09:21:29","slug":"fractura-de-femur-tipussimptomes-i-tractaments-a-lleida","status":"publish","type":"post","link":"https:\/\/centrekine.com\/ca\/fractura-de-femur-tipussimptomes-i-tractaments-a-lleida\/","title":{"rendered":"Fractura de f\u00e8mur: tipus, s\u00edmptomes i tractaments a Lleida"},"content":{"rendered":"<p><span style=\"font-weight: 400;\"><span style=\"vertical-align: inherit;\"><span style=\"vertical-align: inherit;\">La <\/span><\/span><strong><span style=\"vertical-align: inherit;\"><span style=\"vertical-align: inherit;\">fractura de f\u00e8mur<\/span><\/span><\/strong><span style=\"vertical-align: inherit;\"><span style=\"vertical-align: inherit;\"> , una lesi\u00f3 que afecta l&#8217;os m\u00e9s llarg i resistent del cos hum\u00e0, pot tenir un impacte significatiu en la qualitat de vida. En aquest article, explorarem detalladament els diferents tipus de fractures, els seus s\u00edmptomes caracter\u00edstics i els tractaments especialitzats. que oferim a <\/span><\/span><a href=\"https:\/\/centrekine.com\/ca\/\"><span style=\"vertical-align: inherit;\"><span style=\"vertical-align: inherit;\">Centre Kine<\/span><\/span><\/a><span style=\"vertical-align: inherit;\"><span style=\"vertical-align: inherit;\"> , el teu <\/span><\/span><strong><span style=\"vertical-align: inherit;\"><span style=\"vertical-align: inherit;\">centre de fisioter\u00e0pia a Lleida<\/span><\/span><\/strong><span style=\"vertical-align: inherit;\"><span style=\"vertical-align: inherit;\"> .<\/span><\/span><\/span><\/p>\n<h2><b><span style=\"vertical-align: inherit;\"><span style=\"vertical-align: inherit;\">Qu\u00e8 \u00e9s la Fractura del F\u00e8mur?<\/span><\/span><\/b><\/h2>\n<p><span style=\"font-weight: 400;\"><span style=\"vertical-align: inherit;\"><span style=\"vertical-align: inherit;\">El <\/span><\/span><strong><span style=\"vertical-align: inherit;\"><span style=\"vertical-align: inherit;\">f\u00e8mur<\/span><\/span><\/strong><span style=\"vertical-align: inherit;\"><span style=\"vertical-align: inherit;\"> , aquest robust os que s&#8217;est\u00e9n entre l&#8217; <\/span><\/span><strong><span style=\"vertical-align: inherit;\"><span style=\"vertical-align: inherit;\">articulaci\u00f3 del genoll<\/span><\/span><\/strong><span style=\"vertical-align: inherit;\"><span style=\"vertical-align: inherit;\"> i el maluc, juga un paper essencial en la nostra capacitat de moviment. La fractura de f\u00e8mur passa quan aquest os pateix un trencament, generalment com a resultat d&#8217;una caiguda o traumatisme. Encara que \u00e9s m\u00e9s com\u00fa en persones grans a causa de la fragilitat \u00f2ssia, tamb\u00e9 pot passar en persones joves.<\/span><\/span><\/span><\/p>\n<p><span style=\"font-weight: 400;\"><span style=\"vertical-align: inherit;\"><span style=\"vertical-align: inherit;\">Les <\/span><\/span><strong><span style=\"vertical-align: inherit;\"><span style=\"vertical-align: inherit;\">fractures de f\u00e8mur<\/span><\/span><\/strong><span style=\"vertical-align: inherit;\"><span style=\"vertical-align: inherit;\"> poden classificar-se en tres \u00e0rees principals:<\/span><\/span><\/span><\/p>\n<ul>\n<li style=\"font-weight: 400;\" aria-level=\"1\"><span style=\"font-weight: 400;\"><span style=\"vertical-align: inherit;\"><span style=\"vertical-align: inherit;\">Fractura Femoral Proximal: Comunament coneguda com a fractura de maluc, afecta el troc\u00e0nter menor. \u00c9s m\u00e9s freq\u00fcent en persones grans, representant la majoria dels casos en aquest grup demogr\u00e0fic.<\/span><\/span><\/span><\/li>\n<li style=\"font-weight: 400;\" aria-level=\"1\"><span style=\"font-weight: 400;\"><span style=\"vertical-align: inherit;\"><span style=\"vertical-align: inherit;\">Fractura del Cos Femoral: Aquest tipus de fractura generalment requereix tractament quir\u00fargic degut a la gravetat de la lesi\u00f3.<\/span><\/span><\/span><\/li>\n<li style=\"font-weight: 400;\" aria-level=\"1\"><span style=\"font-weight: 400;\"><span style=\"vertical-align: inherit;\"><span style=\"vertical-align: inherit;\">Fractura Femoral Supracond\u00edlia: Afecta l&#8217;\u00e0rea per sobre del genoll i \u00e9s menys com\u00fa que les altres dues.<\/span><\/span><\/span><\/li>\n<\/ul>\n<h2><b><span style=\"vertical-align: inherit;\"><span style=\"vertical-align: inherit;\">Tipus de Fractures de f\u00e8mur i els seus s\u00edmptomes<\/span><\/span><\/b><\/h2>\n<h3><em><span style=\"font-weight: 400;\"><span style=\"vertical-align: inherit;\"><span style=\"vertical-align: inherit;\">Tipus de Fractures:<\/span><\/span><\/span><\/em><\/h3>\n<ul>\n<li style=\"font-weight: 400;\" aria-level=\"1\"><span style=\"font-weight: 400;\"><span style=\"vertical-align: inherit;\"><span style=\"vertical-align: inherit;\">Transversal: Un trencament en l\u00ednia recta, perpendicular a la direcci\u00f3 de l&#8217;os.<\/span><\/span><\/span><\/li>\n<li style=\"font-weight: 400;\" aria-level=\"1\"><span style=\"font-weight: 400;\"><strong><span style=\"vertical-align: inherit;\"><span style=\"vertical-align: inherit;\">Fractura obliqua<\/span><\/span><\/strong><span style=\"vertical-align: inherit;\"><span style=\"vertical-align: inherit;\"> L&#8217;os es veu afectat en una traject\u00f2ria inclinada.<\/span><\/span><\/span><\/li>\n<li style=\"font-weight: 400;\" aria-level=\"1\"><span style=\"font-weight: 400;\"><span style=\"vertical-align: inherit;\"><span style=\"vertical-align: inherit;\">Conminuta: L&#8217;os es trenca en diversos fragments.<\/span><\/span><\/span><\/li>\n<li style=\"font-weight: 400;\" aria-level=\"1\"><span style=\"font-weight: 400;\"><span style=\"vertical-align: inherit;\"><span style=\"vertical-align: inherit;\">Fractura Espiral: Causada, generalment, per un moviment de rotaci\u00f3.<\/span><\/span><\/span><\/li>\n<li style=\"font-weight: 400;\" aria-level=\"1\"><span style=\"font-weight: 400;\"><span style=\"vertical-align: inherit;\"><span style=\"vertical-align: inherit;\">Oberta: Requereix una recuperaci\u00f3 m\u00e9s prolongada i comporta m\u00e9s risc d&#8217;infecci\u00f3 i hemorr\u00e0gia.<\/span><\/span><\/span><\/li>\n<\/ul>\n<h3><em><span style=\"font-weight: 400;\"><span style=\"vertical-align: inherit;\"><span style=\"vertical-align: inherit;\">S\u00edmptomes Comuns:<\/span><\/span><\/span><\/em><\/h3>\n<ul>\n<li style=\"font-weight: 400;\" aria-level=\"1\"><span style=\"font-weight: 400;\"><span style=\"vertical-align: inherit;\"><span style=\"vertical-align: inherit;\">Dolor intens<\/span><\/span><\/span><\/li>\n<li style=\"font-weight: 400;\" aria-level=\"1\"><strong><span style=\"vertical-align: inherit;\"><span style=\"vertical-align: inherit;\">Deformaci\u00f3 \u00f2ssia<\/span><\/span><\/strong><\/li>\n<li style=\"font-weight: 400;\" aria-level=\"1\"><span style=\"font-weight: 400;\"><span style=\"vertical-align: inherit;\"><span style=\"vertical-align: inherit;\">Incapacitat per utilitzar la cama afectada<\/span><\/span><\/span><\/li>\n<li style=\"font-weight: 400;\" aria-level=\"1\"><span style=\"font-weight: 400;\"><span style=\"vertical-align: inherit;\"><span style=\"vertical-align: inherit;\">Inflamaci\u00f3 dels m\u00fasculs i articulacions<\/span><\/span><\/span><\/li>\n<li style=\"font-weight: 400;\" aria-level=\"1\"><span style=\"font-weight: 400;\"><span style=\"vertical-align: inherit;\"><span style=\"vertical-align: inherit;\">Aparici\u00f3 de blaus a la zona afectada<\/span><\/span><\/span><\/li>\n<\/ul>\n<h2><b><span style=\"vertical-align: inherit;\"><span style=\"vertical-align: inherit;\">Causes i Factors de Risc<\/span><\/span><\/b><\/h2>\n<p><span style=\"font-weight: 400;\"><span style=\"vertical-align: inherit;\"><span style=\"vertical-align: inherit;\">Les <\/span><\/span><strong><span style=\"vertical-align: inherit;\"><span style=\"vertical-align: inherit;\">causes de les fractures de f\u00e8mur<\/span><\/span><\/strong><span style=\"vertical-align: inherit;\"><span style=\"vertical-align: inherit;\"> poden variar, per\u00f2 les circumst\u00e0ncies m\u00e9s comunes inclouen cops forts, caigudes des d&#8217;al\u00e7ades relativament altes i accidents esportius. A m\u00e9s, certs factors de risc, com l&#8217;edat avan\u00e7ada, l&#8217;obesitat i les condicions m\u00e8diques com les formes avan\u00e7ades de c\u00e0ncer o l&#8217; <\/span><\/span><strong><span style=\"vertical-align: inherit;\"><span style=\"vertical-align: inherit;\">osteoporosi<\/span><\/span><\/strong><span style=\"vertical-align: inherit;\"><span style=\"vertical-align: inherit;\"> , poden augmentar la vulnerabilitat a aquest tipus de lesions.<\/span><\/span><\/span><\/p>\n<h2><b><span style=\"vertical-align: inherit;\"><span style=\"vertical-align: inherit;\">Diagn\u00f2stic i Tractament de Fractura de F\u00e8mur<\/span><\/span><\/b><\/h2>\n<ul>\n<li style=\"font-weight: 400;\" aria-level=\"1\"><b><span style=\"vertical-align: inherit;\"><span style=\"vertical-align: inherit;\">Diagn\u00f2stic <\/span><\/span><\/b><span style=\"font-weight: 400;\"><span style=\"vertical-align: inherit;\"><span style=\"vertical-align: inherit;\">: El proc\u00e9s de diagn\u00f2stic implica un examen m\u00e8dic detallat i proves de diagn\u00f2stic per imatge, com ara <\/span><\/span><a href=\"https:\/\/centrekine.com\/galeria\/radiografia\/\"><span style=\"vertical-align: inherit;\"><span style=\"vertical-align: inherit;\">radiografies<\/span><\/span><\/a><span style=\"vertical-align: inherit;\"><span style=\"vertical-align: inherit;\"> i resson\u00e0ncies magn\u00e8tiques, per avaluar la naturalesa i la gravetat de la fractura.<\/span><\/span><\/span><\/li>\n<li style=\"font-weight: 400;\" aria-level=\"1\"><b><span style=\"vertical-align: inherit;\"><span style=\"vertical-align: inherit;\">Tractament <\/span><\/span><\/b><span style=\"font-weight: 400;\"><span style=\"vertical-align: inherit;\"><span style=\"vertical-align: inherit;\">: L&#8217;elecci\u00f3 del tractament, ja sigui quir\u00fargic o no quir\u00fargic, dep\u00e8n del tipus de fractura i la salut general del pacient. Els tractaments no quir\u00fargics poden incloure ter\u00e0pies amb medicaments antiinflamatoris, immobilitzaci\u00f3 amb guix i procediments de <\/span><\/span><strong><span style=\"vertical-align: inherit;\"><span style=\"vertical-align: inherit;\">fisioter\u00e0pia<\/span><\/span><\/strong><span style=\"vertical-align: inherit;\"><span style=\"vertical-align: inherit;\"> .\u00a0<\/span><\/span><\/span><\/li>\n<\/ul>\n<p><span style=\"font-weight: 400;\"><span style=\"vertical-align: inherit;\"><span style=\"vertical-align: inherit;\">D&#8217;altra banda, el tractament quir\u00fargic pot implicar osteos\u00edntesi o artropl\u00e0stia per assegurar la fixaci\u00f3 dels fragments ossis o la col\u00b7locaci\u00f3 d&#8217;una pr\u00f2tesi, respectivament.<\/span><\/span><\/span><\/p>\n<h2><b><span style=\"vertical-align: inherit;\"><span style=\"vertical-align: inherit;\">La import\u00e0ncia de la fisioter\u00e0pia en la recuperaci\u00f3<\/span><\/span><\/b><\/h2>\n<p><span style=\"font-weight: 400;\"><span style=\"vertical-align: inherit;\"><span style=\"vertical-align: inherit;\">A <\/span><\/span><\/span><b><span style=\"vertical-align: inherit;\"><span style=\"vertical-align: inherit;\">Centre Kine <\/span><\/span><\/b><span style=\"font-weight: 400;\"><span style=\"vertical-align: inherit;\"><span style=\"vertical-align: inherit;\">, entenem la rellev\u00e0ncia de la fisioter\u00e0pia en la recuperaci\u00f3 de fractures de f\u00e8mur. Els nostres especialistes estan capacitats per oferir tractaments personalitzats que inclouen:<\/span><\/span><\/span><\/p>\n<ul>\n<li style=\"font-weight: 400;\" aria-level=\"1\"><span style=\"font-weight: 400;\"><a href=\"https:\/\/centrekine.com\/treatments1\/magnetoterapia\/\"><strong><span style=\"vertical-align: inherit;\"><span style=\"vertical-align: inherit;\">Magnetoter\u00e0pia<\/span><\/span><\/strong><\/a><span style=\"vertical-align: inherit;\"><span style=\"vertical-align: inherit;\"> : Per accelerar la recuperaci\u00f3 \u00f2ssia.<\/span><\/span><\/span><\/li>\n<li style=\"font-weight: 400;\" aria-level=\"1\"><span style=\"font-weight: 400;\"><span style=\"vertical-align: inherit;\"><span style=\"vertical-align: inherit;\">Electroter\u00e0pia analg\u00e8sica.<\/span><\/span><\/span><\/li>\n<li style=\"font-weight: 400;\" aria-level=\"1\"><span style=\"font-weight: 400;\"><a href=\"https:\/\/centrekine.com\/treatments1\/indiba\/\"><span style=\"vertical-align: inherit;\"><span style=\"vertical-align: inherit;\">Indiba<\/span><\/span><\/a><span style=\"vertical-align: inherit;\"><span style=\"vertical-align: inherit;\"> : Per reduir el dolor i la inflamaci\u00f3.<\/span><\/span><\/span><\/li>\n<li style=\"font-weight: 400;\" aria-level=\"1\"><span style=\"font-weight: 400;\"><span style=\"vertical-align: inherit;\"><span style=\"vertical-align: inherit;\">Ter\u00e0pia manual<\/span><\/span><\/span><\/li>\n<li style=\"font-weight: 400;\" aria-level=\"1\"><span style=\"font-weight: 400;\"><span style=\"vertical-align: inherit;\"><span style=\"vertical-align: inherit;\">Exercici terap\u00e8utic (Amb l&#8217;\u00fas d&#8217;eines com el <\/span><\/span><strong><span style=\"vertical-align: inherit;\"><span style=\"vertical-align: inherit;\">Blood Flow Restriction<\/span><\/span><\/strong><span style=\"vertical-align: inherit;\"><span style=\"vertical-align: inherit;\"> ).<\/span><\/span><\/span><\/li>\n<li aria-level=\"1\"><\/li>\n<\/ul>\n<hr \/>\n<p><span style=\"font-weight: 400;\"><span style=\"vertical-align: inherit;\"><span style=\"vertical-align: inherit;\">La <\/span><\/span><strong><span style=\"vertical-align: inherit;\"><span style=\"vertical-align: inherit;\">fractura de f\u00e8mur<\/span><\/span><\/strong><span style=\"vertical-align: inherit;\"><span style=\"vertical-align: inherit;\"> \u00e9s una lesi\u00f3 seriosa que pot afectar significativament la qualitat de vida. Tot i aix\u00f2, amb el tractament adequat i la fisioter\u00e0pia experta, la recuperaci\u00f3 \u00e9s possible. A <\/span><\/span><\/span><b><span style=\"vertical-align: inherit;\"><span style=\"vertical-align: inherit;\">Centre Kine <\/span><\/span><\/b><span style=\"font-weight: 400;\"><span style=\"vertical-align: inherit;\"><span style=\"vertical-align: inherit;\">, estem compromesos a proporcionar el suport i l&#8217;atenci\u00f3 especialitzada que necessites per recuperar-te completament.<\/span><\/span><\/span><\/p>\n<p><span style=\"font-weight: 400;\"><span style=\"vertical-align: inherit;\"><span style=\"vertical-align: inherit;\">No t&#8217;enfrontis a aix\u00f2 sol! <\/span><\/span><a href=\"https:\/\/centrekine.com\/ca\/contacte\/\"><span style=\"vertical-align: inherit;\"><span style=\"vertical-align: inherit;\">Contacta amb nosaltres<\/span><\/span><\/a><span style=\"vertical-align: inherit;\"><span style=\"vertical-align: inherit;\"> per obtenir m\u00e9s informaci\u00f3 o per agendar una consulta. Som aqu\u00ed per ajudar-te a cada pas del cam\u00ed cap a la recuperaci\u00f3.<\/span><\/span><\/span><\/p>\n<p><span style=\"font-weight: 400;\"><span style=\"vertical-align: inherit;\"><span style=\"vertical-align: inherit;\">Pots trobar &#8211; <\/span><span style=\"vertical-align: inherit;\">nos <\/span><span style=\"vertical-align: inherit;\">al <\/span><\/span><a href=\"https:\/\/www.google.com\/maps\/d\/embed?mid=13Rd-cV0r3PpbC6tO2LbONu0MMxY\" target=\"_blank\" rel=\"noopener\"><span style=\"vertical-align: inherit;\"><span style=\"vertical-align: inherit;\">Passeig de Ronda, 164 <\/span><\/span><\/a><span style=\"vertical-align: inherit;\"><a href=\"tel:973233703\" target=\"_blank\" rel=\"noopener\"><span style=\"vertical-align: inherit;\">o<\/span><\/a><span style=\"vertical-align: inherit;\"> al <\/span><a href=\"tel:677561659\" target=\"_blank\" rel=\"noopener\"><span style=\"vertical-align: inherit;\">Carrer <\/span><\/a><\/span><a href=\"https:\/\/www.google.com\/maps\/d\/embed?mid=13Rd-cV0r3PpbC6tO2LbONu0MMxY\" target=\"_blank\" rel=\"noopener\"><span style=\"vertical-align: inherit;\"><span style=\"vertical-align: inherit;\">Santa Cec\u00edlia, 20,<\/span><\/span><\/a><span style=\"vertical-align: inherit;\"><span style=\"vertical-align: inherit;\"> Lleida. <\/span><span style=\"vertical-align: inherit;\">.<\/span><\/span><\/span><\/p>\n<p><span style=\"font-weight: 400;\"><span style=\"vertical-align: inherit;\"><span style=\"vertical-align: inherit;\">Recorda, a <\/span><\/span><strong><span style=\"vertical-align: inherit;\"><span style=\"vertical-align: inherit;\">Centre Kine<\/span><\/span><\/strong><span style=\"vertical-align: inherit;\"><span style=\"vertical-align: inherit;\"> , el teu benestar \u00e9s la nostra prioritat<\/span><\/span><\/span><\/p>\n<hr \/>\n<h2><b><span style=\"vertical-align: inherit;\"><span style=\"vertical-align: inherit;\">Biografia\u00a0<\/span><\/span><\/b><\/h2>\n<ol>\n<li style=\"font-weight: 400;\" aria-level=\"1\"><span style=\"font-weight: 400;\"><span style=\"vertical-align: inherit;\"><span style=\"vertical-align: inherit;\">Statistisches Bundesamt, [Destatis]\u2014Zentraler Auskunftsdienst, Wiesbaden. Krankenhausstatistik\u2014Diagnosedaten del Patienten und Patientinnen in Krankenh\u00e4usern. <\/span><\/span><\/span><a href=\"https:\/\/www.gbe-bund.de\" target=\"_blank\" rel=\"noopener\"><span style=\"font-weight: 400;\"><span style=\"vertical-align: inherit;\"><span style=\"vertical-align: inherit;\">https:\/\/www.gbe-bund.de<\/span><\/span><\/span><\/a><span style=\"font-weight: 400;\"><span style=\"vertical-align: inherit;\"><span style=\"vertical-align: inherit;\"> .<\/span><\/span><\/span><\/li>\n<li style=\"font-weight: 400;\" aria-level=\"1\"><span style=\"font-weight: 400;\"><span style=\"vertical-align: inherit;\"><span style=\"vertical-align: inherit;\">Gullberg B, Johnell O, Kanis JA. World-wide projections for hip fracture. Osteopors Int. 1997;7(5):407\u201313. doi: 10.1007\/PL00004148.<\/span><\/span><\/span><\/li>\n<li style=\"font-weight: 400;\" aria-level=\"1\"><span style=\"font-weight: 400;\"><span style=\"vertical-align: inherit;\"><span style=\"vertical-align: inherit;\">Fischer H, Maleitzke T, Eder C, Ahmad S, St\u00f6ckle U, Braun KF. Management de proximals femur fractures in the elderly: current concepts and treatment options. Eur J Med Res. 2021 Aug 4;26(1):86. doi: 10.1186\/s40001-021-00556-0. PMID: 34348796; PMCID: PMC8335457.<\/span><\/span><\/span><\/li>\n<li style=\"font-weight: 400;\" aria-level=\"1\"><span style=\"font-weight: 400;\"><span style=\"vertical-align: inherit;\"><span style=\"vertical-align: inherit;\">JP Waddell Fractures del femur proximal. Millorant resultats, octubre 2013<\/span><\/span><\/span><\/li>\n<\/ol>\n","protected":false},"excerpt":{"rendered":"<p>La fractura de f\u00e8mur , una lesi\u00f3 que afecta l&#8217;os m\u00e9s llarg i resistent del cos hum\u00e0, pot tenir un impacte significatiu en la qualitat de vida. En aquest article, explorarem detalladament els diferents tipus de fractures, els seus s\u00edmptomes caracter\u00edstics i els tractaments especialitzats. que oferim a Centre Kine , el teu centre de [&hellip;]<\/p>\n","protected":false},"author":1,"featured_media":18841,"comment_status":"open","ping_status":"open","sticky":false,"template":"","format":"standard","meta":{"_joinchat":[],"footnotes":""},"categories":[1910,1911,1926],"tags":[1956,1957,1958,1914,1949,1927,1959,1960,1961,1962,1918,1935],"acf":[],"yoast_head":"<!-- This site is optimized with the Yoast SEO plugin v24.2 - https:\/\/yoast.com\/wordpress\/plugins\/seo\/ -->\n<title>Fractura de f\u00e8mur: tipus, s\u00edmptomes i tractaments a Lleida - Centre Kine<\/title>\n<meta name=\"robots\" content=\"index, follow, max-snippet:-1, max-image-preview:large, max-video-preview:-1\" \/>\n<link rel=\"canonical\" href=\"https:\/\/centrekine.com\/ca\/fractura-de-femur-tipussimptomes-i-tractaments-a-lleida\/\" \/>\n<meta property=\"og:locale\" content=\"ca_ES\" \/>\n<meta property=\"og:type\" content=\"article\" \/>\n<meta property=\"og:title\" content=\"Fractura de f\u00e8mur: tipus, s\u00edmptomes i tractaments a Lleida - Centre Kine\" \/>\n<meta property=\"og:description\" content=\"La fractura de f\u00e8mur , una lesi\u00f3 que afecta l&#8217;os m\u00e9s llarg i resistent del cos hum\u00e0, pot tenir un impacte significatiu en la qualitat de vida. En aquest article, explorarem detalladament els diferents tipus de fractures, els seus s\u00edmptomes caracter\u00edstics i els tractaments especialitzats. que oferim a Centre Kine , el teu centre de [&hellip;]\" \/>\n<meta property=\"og:url\" content=\"https:\/\/centrekine.com\/ca\/fractura-de-femur-tipussimptomes-i-tractaments-a-lleida\/\" \/>\n<meta property=\"og:site_name\" content=\"Centre Kine\" \/>\n<meta property=\"article:published_time\" content=\"2024-08-29T06:31:14+00:00\" \/>\n<meta property=\"article:modified_time\" content=\"2025-01-27T09:21:29+00:00\" \/>\n<meta property=\"og:image\" content=\"https:\/\/centrekine.com\/wp-content\/uploads\/2024\/08\/centre-kine-blog-fractura-femur-_1_.webp\" \/>\n\t<meta property=\"og:image:width\" content=\"980\" \/>\n\t<meta property=\"og:image:height\" content=\"677\" \/>\n\t<meta property=\"og:image:type\" content=\"image\/webp\" \/>\n<meta name=\"author\" content=\"angel_rfgr2l1f\" \/>\n<meta name=\"twitter:card\" content=\"summary_large_image\" \/>\n<meta name=\"twitter:label1\" content=\"Escrit per\" \/>\n\t<meta name=\"twitter:data1\" content=\"angel_rfgr2l1f\" \/>\n\t<meta name=\"twitter:label2\" content=\"Temps estimat de lectura\" \/>\n\t<meta name=\"twitter:data2\" content=\"4 minuts\" \/>\n<script type=\"application\/ld+json\" class=\"yoast-schema-graph\">{\"@context\":\"https:\/\/schema.org\",\"@graph\":[{\"@type\":\"WebPage\",\"@id\":\"https:\/\/centrekine.com\/ca\/fractura-de-femur-tipussimptomes-i-tractaments-a-lleida\/\",\"url\":\"https:\/\/centrekine.com\/ca\/fractura-de-femur-tipussimptomes-i-tractaments-a-lleida\/\",\"name\":\"Fractura de f\u00e8mur: tipus, s\u00edmptomes i tractaments a Lleida - Centre Kine\",\"isPartOf\":{\"@id\":\"https:\/\/centrekine.com\/#website\"},\"primaryImageOfPage\":{\"@id\":\"https:\/\/centrekine.com\/ca\/fractura-de-femur-tipussimptomes-i-tractaments-a-lleida\/#primaryimage\"},\"image\":{\"@id\":\"https:\/\/centrekine.com\/ca\/fractura-de-femur-tipussimptomes-i-tractaments-a-lleida\/#primaryimage\"},\"thumbnailUrl\":\"https:\/\/centrekine.com\/wp-content\/uploads\/2024\/08\/centre-kine-blog-fractura-femur-_1_.webp\",\"datePublished\":\"2024-08-29T06:31:14+00:00\",\"dateModified\":\"2025-01-27T09:21:29+00:00\",\"author\":{\"@id\":\"https:\/\/centrekine.com\/#\/schema\/person\/79e773377c569a732ef029f5ee675192\"},\"breadcrumb\":{\"@id\":\"https:\/\/centrekine.com\/ca\/fractura-de-femur-tipussimptomes-i-tractaments-a-lleida\/#breadcrumb\"},\"inLanguage\":\"ca\",\"potentialAction\":[{\"@type\":\"ReadAction\",\"target\":[\"https:\/\/centrekine.com\/ca\/fractura-de-femur-tipussimptomes-i-tractaments-a-lleida\/\"]}]},{\"@type\":\"ImageObject\",\"inLanguage\":\"ca\",\"@id\":\"https:\/\/centrekine.com\/ca\/fractura-de-femur-tipussimptomes-i-tractaments-a-lleida\/#primaryimage\",\"url\":\"https:\/\/centrekine.com\/wp-content\/uploads\/2024\/08\/centre-kine-blog-fractura-femur-_1_.webp\",\"contentUrl\":\"https:\/\/centrekine.com\/wp-content\/uploads\/2024\/08\/centre-kine-blog-fractura-femur-_1_.webp\",\"width\":980,\"height\":677},{\"@type\":\"BreadcrumbList\",\"@id\":\"https:\/\/centrekine.com\/ca\/fractura-de-femur-tipussimptomes-i-tractaments-a-lleida\/#breadcrumb\",\"itemListElement\":[{\"@type\":\"ListItem\",\"position\":1,\"name\":\"Portada\",\"item\":\"https:\/\/centrekine.com\/ca\/\"},{\"@type\":\"ListItem\",\"position\":2,\"name\":\"Fractura de f\u00e8mur: tipus, s\u00edmptomes i tractaments a Lleida\"}]},{\"@type\":\"WebSite\",\"@id\":\"https:\/\/centrekine.com\/#website\",\"url\":\"https:\/\/centrekine.com\/\",\"name\":\"Centre Kine\",\"description\":\"Fisioter\u00e0pia, Osteopatia i ter\u00e0pies globals a Lleida\",\"potentialAction\":[{\"@type\":\"SearchAction\",\"target\":{\"@type\":\"EntryPoint\",\"urlTemplate\":\"https:\/\/centrekine.com\/?s={search_term_string}\"},\"query-input\":{\"@type\":\"PropertyValueSpecification\",\"valueRequired\":true,\"valueName\":\"search_term_string\"}}],\"inLanguage\":\"ca\"},{\"@type\":\"Person\",\"@id\":\"https:\/\/centrekine.com\/#\/schema\/person\/79e773377c569a732ef029f5ee675192\",\"name\":\"angel_rfgr2l1f\",\"image\":{\"@type\":\"ImageObject\",\"inLanguage\":\"ca\",\"@id\":\"https:\/\/centrekine.com\/#\/schema\/person\/image\/\",\"url\":\"https:\/\/secure.gravatar.com\/avatar\/ad8b00593a2116f47595bdc03abd51a8?s=96&d=mm&r=g\",\"contentUrl\":\"https:\/\/secure.gravatar.com\/avatar\/ad8b00593a2116f47595bdc03abd51a8?s=96&d=mm&r=g\",\"caption\":\"angel_rfgr2l1f\"},\"url\":\"https:\/\/centrekine.com\/ca\/author\/angel_rfgr2l1f\/\"}]}<\/script>\n<!-- \/ Yoast SEO plugin. -->","yoast_head_json":{"title":"Fractura de f\u00e8mur: tipus, s\u00edmptomes i tractaments a Lleida - Centre Kine","robots":{"index":"index","follow":"follow","max-snippet":"max-snippet:-1","max-image-preview":"max-image-preview:large","max-video-preview":"max-video-preview:-1"},"canonical":"https:\/\/centrekine.com\/ca\/fractura-de-femur-tipussimptomes-i-tractaments-a-lleida\/","og_locale":"ca_ES","og_type":"article","og_title":"Fractura de f\u00e8mur: tipus, s\u00edmptomes i tractaments a Lleida - Centre Kine","og_description":"La fractura de f\u00e8mur , una lesi\u00f3 que afecta l&#8217;os m\u00e9s llarg i resistent del cos hum\u00e0, pot tenir un impacte significatiu en la qualitat de vida. En aquest article, explorarem detalladament els diferents tipus de fractures, els seus s\u00edmptomes caracter\u00edstics i els tractaments especialitzats. que oferim a Centre Kine , el teu centre de [&hellip;]","og_url":"https:\/\/centrekine.com\/ca\/fractura-de-femur-tipussimptomes-i-tractaments-a-lleida\/","og_site_name":"Centre Kine","article_published_time":"2024-08-29T06:31:14+00:00","article_modified_time":"2025-01-27T09:21:29+00:00","og_image":[{"width":980,"height":677,"url":"https:\/\/centrekine.com\/wp-content\/uploads\/2024\/08\/centre-kine-blog-fractura-femur-_1_.webp","type":"image\/webp"}],"author":"angel_rfgr2l1f","twitter_card":"summary_large_image","twitter_misc":{"Escrit per":"angel_rfgr2l1f","Temps estimat de lectura":"4 minuts"},"schema":{"@context":"https:\/\/schema.org","@graph":[{"@type":"WebPage","@id":"https:\/\/centrekine.com\/ca\/fractura-de-femur-tipussimptomes-i-tractaments-a-lleida\/","url":"https:\/\/centrekine.com\/ca\/fractura-de-femur-tipussimptomes-i-tractaments-a-lleida\/","name":"Fractura de f\u00e8mur: tipus, s\u00edmptomes i tractaments a Lleida - Centre Kine","isPartOf":{"@id":"https:\/\/centrekine.com\/#website"},"primaryImageOfPage":{"@id":"https:\/\/centrekine.com\/ca\/fractura-de-femur-tipussimptomes-i-tractaments-a-lleida\/#primaryimage"},"image":{"@id":"https:\/\/centrekine.com\/ca\/fractura-de-femur-tipussimptomes-i-tractaments-a-lleida\/#primaryimage"},"thumbnailUrl":"https:\/\/centrekine.com\/wp-content\/uploads\/2024\/08\/centre-kine-blog-fractura-femur-_1_.webp","datePublished":"2024-08-29T06:31:14+00:00","dateModified":"2025-01-27T09:21:29+00:00","author":{"@id":"https:\/\/centrekine.com\/#\/schema\/person\/79e773377c569a732ef029f5ee675192"},"breadcrumb":{"@id":"https:\/\/centrekine.com\/ca\/fractura-de-femur-tipussimptomes-i-tractaments-a-lleida\/#breadcrumb"},"inLanguage":"ca","potentialAction":[{"@type":"ReadAction","target":["https:\/\/centrekine.com\/ca\/fractura-de-femur-tipussimptomes-i-tractaments-a-lleida\/"]}]},{"@type":"ImageObject","inLanguage":"ca","@id":"https:\/\/centrekine.com\/ca\/fractura-de-femur-tipussimptomes-i-tractaments-a-lleida\/#primaryimage","url":"https:\/\/centrekine.com\/wp-content\/uploads\/2024\/08\/centre-kine-blog-fractura-femur-_1_.webp","contentUrl":"https:\/\/centrekine.com\/wp-content\/uploads\/2024\/08\/centre-kine-blog-fractura-femur-_1_.webp","width":980,"height":677},{"@type":"BreadcrumbList","@id":"https:\/\/centrekine.com\/ca\/fractura-de-femur-tipussimptomes-i-tractaments-a-lleida\/#breadcrumb","itemListElement":[{"@type":"ListItem","position":1,"name":"Portada","item":"https:\/\/centrekine.com\/ca\/"},{"@type":"ListItem","position":2,"name":"Fractura de f\u00e8mur: tipus, s\u00edmptomes i tractaments a Lleida"}]},{"@type":"WebSite","@id":"https:\/\/centrekine.com\/#website","url":"https:\/\/centrekine.com\/","name":"Centre Kine","description":"Fisioter\u00e0pia, Osteopatia i ter\u00e0pies globals a Lleida","potentialAction":[{"@type":"SearchAction","target":{"@type":"EntryPoint","urlTemplate":"https:\/\/centrekine.com\/?s={search_term_string}"},"query-input":{"@type":"PropertyValueSpecification","valueRequired":true,"valueName":"search_term_string"}}],"inLanguage":"ca"},{"@type":"Person","@id":"https:\/\/centrekine.com\/#\/schema\/person\/79e773377c569a732ef029f5ee675192","name":"angel_rfgr2l1f","image":{"@type":"ImageObject","inLanguage":"ca","@id":"https:\/\/centrekine.com\/#\/schema\/person\/image\/","url":"https:\/\/secure.gravatar.com\/avatar\/ad8b00593a2116f47595bdc03abd51a8?s=96&d=mm&r=g","contentUrl":"https:\/\/secure.gravatar.com\/avatar\/ad8b00593a2116f47595bdc03abd51a8?s=96&d=mm&r=g","caption":"angel_rfgr2l1f"},"url":"https:\/\/centrekine.com\/ca\/author\/angel_rfgr2l1f\/"}]}},"_links":{"self":[{"href":"https:\/\/centrekine.com\/ca\/wp-json\/wp\/v2\/posts\/19528"}],"collection":[{"href":"https:\/\/centrekine.com\/ca\/wp-json\/wp\/v2\/posts"}],"about":[{"href":"https:\/\/centrekine.com\/ca\/wp-json\/wp\/v2\/types\/post"}],"author":[{"embeddable":true,"href":"https:\/\/centrekine.com\/ca\/wp-json\/wp\/v2\/users\/1"}],"replies":[{"embeddable":true,"href":"https:\/\/centrekine.com\/ca\/wp-json\/wp\/v2\/comments?post=19528"}],"version-history":[{"count":1,"href":"https:\/\/centrekine.com\/ca\/wp-json\/wp\/v2\/posts\/19528\/revisions"}],"predecessor-version":[{"id":19530,"href":"https:\/\/centrekine.com\/ca\/wp-json\/wp\/v2\/posts\/19528\/revisions\/19530"}],"wp:featuredmedia":[{"embeddable":true,"href":"https:\/\/centrekine.com\/ca\/wp-json\/wp\/v2\/media\/18841"}],"wp:attachment":[{"href":"https:\/\/centrekine.com\/ca\/wp-json\/wp\/v2\/media?parent=19528"}],"wp:term":[{"taxonomy":"category","embeddable":true,"href":"https:\/\/centrekine.com\/ca\/wp-json\/wp\/v2\/categories?post=19528"},{"taxonomy":"post_tag","embeddable":true,"href":"https:\/\/centrekine.com\/ca\/wp-json\/wp\/v2\/tags?post=19528"}],"curies":[{"name":"wp","href":"https:\/\/api.w.org\/{rel}","templated":true}]}}