{"id":19517,"date":"2024-08-29T07:31:14","date_gmt":"2024-08-29T06:31:14","guid":{"rendered":"https:\/\/centrekine.com\/enfermedad-osgood-schlatter-causas-sintomas-tratamiento\/"},"modified":"2025-01-27T10:14:03","modified_gmt":"2025-01-27T09:14:03","slug":"malaltia-de-osgood-schlatter-simptomes-i-tractament","status":"publish","type":"post","link":"https:\/\/centrekine.com\/ca\/malaltia-de-osgood-schlatter-simptomes-i-tractament\/","title":{"rendered":"Malaltia de Osgood-Schlatter: s\u00edmptomes i tractament"},"content":{"rendered":"<p>&nbsp;<\/p>\n<p><span style=\"font-weight: 400;\"><span style=\"vertical-align: inherit;\"><span style=\"vertical-align: inherit;\">Saps qu\u00e8 \u00e9s la <\/span><\/span><\/span><b><span style=\"vertical-align: inherit;\"><span style=\"vertical-align: inherit;\">malaltia d&#8217;Osgood-Schlatter <\/span><\/span><\/b><span style=\"font-weight: 400;\"><span style=\"vertical-align: inherit;\"><span style=\"vertical-align: inherit;\">: s\u00edmptomes i tractament recomanats?\u00a0<\/span><\/span><\/span><\/p>\n<p><span style=\"font-weight: 400;\"><br \/>\n<span style=\"vertical-align: inherit;\"><span style=\"vertical-align: inherit;\">En aquest article del <\/span><\/span><a href=\"https:\/\/centrekine.com\/ca\/blog\/\"><span style=\"vertical-align: inherit;\"><span style=\"vertical-align: inherit;\">bloc<\/span><\/span><\/a><span style=\"vertical-align: inherit;\"><span style=\"vertical-align: inherit;\"> de <\/span><\/span><a href=\"https:\/\/centrekine.com\/ca\/\"><b><span style=\"vertical-align: inherit;\"><span style=\"vertical-align: inherit;\">Centre Kine<\/span><\/span><\/b><\/a><span style=\"vertical-align: inherit;\"><span style=\"vertical-align: inherit;\"> abordarem aquesta patologia freq\u00fcent en adolescents, especialment en esportistes joves, que es produeix a causa de l&#8217;exc\u00e9s de tracci\u00f3 al <\/span><\/span><b><span style=\"vertical-align: inherit;\"><span style=\"vertical-align: inherit;\">tend\u00f3 rotular<\/span><\/span><\/b><span style=\"vertical-align: inherit;\"><span style=\"vertical-align: inherit;\"> i pot inflamar la zona de creixement ossi a la part anterior de la t\u00edbia.<\/span><\/span><\/span><\/p>\n<p>&nbsp;<\/p>\n<h2><b><span style=\"vertical-align: inherit;\"><span style=\"vertical-align: inherit;\">Qu\u00e8 \u00e9s la malaltia d&#8217;Osgood-Schlatter?<\/span><\/span><\/b><\/h2>\n<p><span style=\"font-weight: 400;\"><span style=\"vertical-align: inherit;\"><span style=\"vertical-align: inherit;\">La <\/span><\/span><\/span><b><span style=\"vertical-align: inherit;\"><span style=\"vertical-align: inherit;\">malaltia d&#8217;Osgood-Schlatter <\/span><\/span><\/b><span style=\"font-weight: 400;\"><span style=\"vertical-align: inherit;\"><span style=\"vertical-align: inherit;\">\u00e9s una afecci\u00f3 que generalment apareix a l&#8217;adolesc\u00e8ncia, quan el cos est\u00e0 experimentant canvis i adaptacions relacionats amb el creixement f\u00edsic.<\/span><\/span><\/span><\/p>\n<p style=\"text-align: left;\"><span style=\"font-weight: 400;\"><span style=\"vertical-align: inherit;\"><span style=\"vertical-align: inherit;\">\u00a0Es caracteritza per una inflamaci\u00f3 al voltant de la zona de creixement ossi a la part anterior de la t\u00edbia, a causa d&#8217;un exc\u00e9s de tracci\u00f3 al <\/span><\/span><a href=\"https:\/\/www.fisioterapia-online.com\/glosario\/ tend\u00f3-rotulia-o-patel\u00b7lar\" target=\"_blank\" rel=\"noopener\"><b><span style=\"vertical-align: inherit;\"><span style=\"vertical-align: inherit;\">tend\u00f3 rotular<\/span><\/span><\/b><\/a><span style=\"vertical-align: inherit;\"><span style=\"vertical-align: inherit;\"> . (1) Aquesta condici\u00f3 pot provocar incomoditat i <\/span><\/span><b><span style=\"vertical-align: inherit;\"><span style=\"vertical-align: inherit;\">dolor al genoll<\/span><\/span><\/b><span style=\"vertical-align: inherit;\"><span style=\"vertical-align: inherit;\"> .<\/span><\/span><\/span><\/p>\n<p><span style=\"font-weight: 400;\"><img decoding=\"async\" class=\"lazyload wp-image-13140 size-medium alignleft\" title=\"centre-kine-blog-s\u00edndrome-osgood-schlatter-tend-rotular\" src=\"data:image\/svg+xml,%3Csvg%20xmlns%3D%27http%3A%2F%2Fwww.w3.org%2F2000%2Fsvg%27%20width%3D%27300%27%20height%3D%27207%27%20viewBox%3D%270%200%20300%20207%27%3E%3Crect%20width%3D%27300%27%20height%3D%27207%27%20fill-opacity%3D%220%22%2F%3E%3C%2Fsvg%3E\" data-orig-src=\"https:\/\/centrekine.com\/wp-content\/uploads\/2023\/08\/centre-kine-blog-sindrome-osgood-schlatter-tendo-rotular-300x207.jpg\" alt=\"malaltia d'Osgood-Schlatter s\u00edmptomes\" width=\"300\" height=\"207\" \/><\/span><\/p>\n<p>&nbsp;<\/p>\n<h2><\/h2>\n<h2><\/h2>\n<h2><\/h2>\n<h2><\/h2>\n<h2><b><span style=\"vertical-align: inherit;\"><span style=\"vertical-align: inherit;\">Prevalen\u00e7a i etiologia de la malaltia d&#8217;Osgood-Schlatter<\/span><\/span><\/b><\/h2>\n<p><span style=\"font-weight: 400;\"><span style=\"vertical-align: inherit;\"><span style=\"vertical-align: inherit;\">La malaltia d&#8217;Osgood-Schlatter \u00e9s m\u00e9s com\u00fa en <\/span><\/span><\/span><b><span style=\"vertical-align: inherit;\"><span style=\"vertical-align: inherit;\">esportistes joves <\/span><\/span><\/b><span style=\"font-weight: 400;\"><span style=\"vertical-align: inherit;\"><span style=\"vertical-align: inherit;\">, especialment en homes, amb una proporci\u00f3 de 14:1 en comparaci\u00f3 de les dones. (2) Entre els esports, el futbol destaca com el m\u00e9s prevalent, representant aproximadament el 13.6% de totes les <\/span><\/span><\/span><b><span style=\"vertical-align: inherit;\"><span style=\"vertical-align: inherit;\">lesions de genoll <\/span><\/span><\/b><span style=\"font-weight: 400;\"><span style=\"vertical-align: inherit;\"><span style=\"vertical-align: inherit;\">en <\/span><\/span><\/span><b><span style=\"vertical-align: inherit;\"><span style=\"vertical-align: inherit;\">jugadors de futbol <\/span><\/span><\/b><span style=\"font-weight: 400;\"><span style=\"vertical-align: inherit;\"><span style=\"vertical-align: inherit;\">de 12 a 15 anys.<\/span><\/span><\/span><\/p>\n<p>&nbsp;<\/p>\n<p><span style=\"font-weight: 400;\"><span style=\"vertical-align: inherit;\"><span style=\"vertical-align: inherit;\">La causa principal d&#8217;aquesta patologia \u00e9s l&#8217;exc\u00e9s de gestos i tensions repetitives que ocorren en esports que requereixen accions explosives. Una gesti\u00f3 dolenta de les c\u00e0rregues d&#8217;entrenament en aquestes edats \u00e9s el factor etiol\u00f2gic principal. Tot i aix\u00f2, tamb\u00e9 \u00e9s important considerar altres factors que poden afavorir l&#8217;aparici\u00f3 d&#8217;aquesta i altres lesions de genoll, com:<\/span><\/span><\/span><\/p>\n<p><img decoding=\"async\" class=\"lazyload wp-image-13142 size-medium alignleft\" title=\"centre-kine-blog-s\u00edndrome-osgood-schlatter-tend-rotular-jugadors-futbol\" src=\"data:image\/svg+xml,%3Csvg%20xmlns%3D%27http%3A%2F%2Fwww.w3.org%2F2000%2Fsvg%27%20width%3D%27300%27%20height%3D%27207%27%20viewBox%3D%270%200%20300%20207%27%3E%3Crect%20width%3D%27300%27%20height%3D%27207%27%20fill-opacity%3D%220%22%2F%3E%3C%2Fsvg%3E\" data-orig-src=\"https:\/\/centrekine.com\/wp-content\/uploads\/2023\/08\/centre-kine-blog-sindrome-osgood-schlatter-tendo-rotular-jugadors-futbol-300x207.jpg\" alt=\"lesi\u00f3 de genoll malaltia Osgood-Schlatter\" width=\"300\" height=\"207\" \/><\/p>\n<p>&nbsp;<\/p>\n<p>&nbsp;<\/p>\n<p>&nbsp;<\/p>\n<p>&nbsp;<\/p>\n<ul>\n<li style=\"font-weight: 400;\" aria-level=\"1\"><span style=\"font-weight: 400;\"><span style=\"vertical-align: inherit;\"><span style=\"vertical-align: inherit;\">El desequilibri de for\u00e7a entre els m\u00fasculs qu\u00e0driceps i isquiotibials.<\/span><\/span><\/span><\/li>\n<li style=\"font-weight: 400;\" aria-level=\"1\"><span style=\"font-weight: 400;\"><span style=\"vertical-align: inherit;\"><span style=\"vertical-align: inherit;\">Un \u00edndex de massa corporal inadequat. (3)<\/span><\/span><\/span><\/li>\n<\/ul>\n<p>&nbsp;<\/p>\n<h2><b><span style=\"vertical-align: inherit;\"><span style=\"vertical-align: inherit;\">La simptomatologia de la malaltia d&#8217;Osgood-Schlatter<\/span><\/span><\/b><\/h2>\n<p><span style=\"font-weight: 400;\"><span style=\"vertical-align: inherit;\"><span style=\"vertical-align: inherit;\">Els s\u00edmptomes d&#8217;aquest tipus de lesi\u00f3 s\u00f3n:\u00a0<\/span><\/span><\/span><\/p>\n<ul>\n<li style=\"font-weight: 400;\" aria-level=\"1\"><span style=\"font-weight: 400;\"><span style=\"vertical-align: inherit;\"><span style=\"vertical-align: inherit;\">Dolor d&#8217;intensitat variable a la part anterior de la t\u00edbia, on s&#8217;uneix el <\/span><\/span><\/span><b><span style=\"vertical-align: inherit;\"><span style=\"vertical-align: inherit;\">tend\u00f3 rotular <\/span><\/span><\/b><span style=\"font-weight: 400;\"><span style=\"vertical-align: inherit;\"><span style=\"vertical-align: inherit;\">. El dolor \u00e9s especialment agut en palpar la zona i en agenollar-se.<\/span><\/span><\/span><\/li>\n<li style=\"font-weight: 400;\" aria-level=\"1\"><span style=\"font-weight: 400;\"><span style=\"vertical-align: inherit;\"><span style=\"vertical-align: inherit;\">Incapacitat per fer activitats esportives.<\/span><\/span><\/span><\/li>\n<li style=\"font-weight: 400;\" aria-level=\"1\"><span style=\"font-weight: 400;\"><span style=\"vertical-align: inherit;\"><span style=\"vertical-align: inherit;\">Possible engrossiment del tend\u00f3 rotular. (4)<\/span><\/span><\/span><\/li>\n<\/ul>\n<p>&nbsp;<\/p>\n<h2><b><span style=\"vertical-align: inherit;\"><span style=\"vertical-align: inherit;\">Diagn\u00f2stic i proves complement\u00e0ries<\/span><\/span><\/b><\/h2>\n<p>&nbsp;<\/p>\n<p><span style=\"font-weight: 400;\"><span style=\"vertical-align: inherit;\"><span style=\"vertical-align: inherit;\">El diagn\u00f2stic de la <\/span><\/span><strong><span style=\"vertical-align: inherit;\"><span style=\"vertical-align: inherit;\">malaltia d&#8217;Osgood-Schlatter<\/span><\/span><\/strong><span style=\"vertical-align: inherit;\"><span style=\"vertical-align: inherit;\"> es realitza principalment mitjan\u00e7ant avaluaci\u00f3 cl\u00ednica, encara que es pot complementar amb proves d&#8217;imatge com <\/span><\/span><\/span><b><span style=\"vertical-align: inherit;\"><span style=\"vertical-align: inherit;\">radiografies <\/span><\/span><\/b><span style=\"font-weight: 400;\"><span style=\"vertical-align: inherit;\"><span style=\"vertical-align: inherit;\">, <\/span><\/span><\/span><b><span style=\"vertical-align: inherit;\"><span style=\"vertical-align: inherit;\">resson\u00e0ncia magn\u00e8tica <\/span><\/span><\/b><span style=\"font-weight: 400;\"><span style=\"vertical-align: inherit;\"><span style=\"vertical-align: inherit;\">o <\/span><\/span><\/span><a href=\"https:\/\/centrekine.com\/treatments1\/ecografia-musculoesqueletica\/\"><b><span style=\"vertical-align: inherit;\"><span style=\"vertical-align: inherit;\">ecografies<\/span><\/span><\/b><\/a><span style=\"font-weight: 400;\"><span style=\"vertical-align: inherit;\"><span style=\"vertical-align: inherit;\"> .\u00a0<\/span><\/span><\/span><\/p>\n<p>&nbsp;<\/p>\n<p><span style=\"font-weight: 400;\"><span style=\"vertical-align: inherit;\"><span style=\"vertical-align: inherit;\">Aquestes proves permeten observar en quina fase es troba la lesi\u00f3 i descartar altres patologies m\u00e9s greus. (5)<\/span><\/span><\/span><\/p>\n<p><img decoding=\"async\" class=\"lazyload wp-image-13138 size-medium alignleft\" title=\"centre-kine-blog-s\u00edndrome-osgood-schlatter-proves-imatge\" src=\"data:image\/svg+xml,%3Csvg%20xmlns%3D%27http%3A%2F%2Fwww.w3.org%2F2000%2Fsvg%27%20width%3D%27300%27%20height%3D%27207%27%20viewBox%3D%270%200%20300%20207%27%3E%3Crect%20width%3D%27300%27%20height%3D%27207%27%20fill-opacity%3D%220%22%2F%3E%3C%2Fsvg%3E\" data-orig-src=\"https:\/\/centrekine.com\/wp-content\/uploads\/2023\/08\/centre-kine-blog-sindrome-osgood-schlatter-proves-imatge-300x207.jpg\" alt=\"malaltia d'Osgood-Schlatter resson\u00e0ncia\" width=\"300\" height=\"207\" \/><\/p>\n<h2><\/h2>\n<h2><\/h2>\n<h2><\/h2>\n<h2><\/h2>\n<h2><b><span style=\"vertical-align: inherit;\"><span style=\"vertical-align: inherit;\">Tractaments per a la malaltia d&#8217;Osgood-Schlatter e<\/span><\/span><\/b><\/h2>\n<p><span style=\"font-weight: 400;\"><span style=\"vertical-align: inherit;\"><span style=\"vertical-align: inherit;\">Els tractaments recomanats per tractar aquesta lesi\u00f3 s\u00f3n:\u00a0<\/span><\/span><\/span><\/p>\n<p>&nbsp;<\/p>\n<h3 style=\"padding-left: 40px;\"><b><span style=\"vertical-align: inherit;\"><span style=\"vertical-align: inherit;\">1. Reducci\u00f3 de la pr\u00e0ctica esportiva o descans complet\u00a0<\/span><\/span><\/b><\/h3>\n<p><span style=\"font-weight: 400;\"><span style=\"vertical-align: inherit;\"><span style=\"vertical-align: inherit;\">L&#8217;objectiu \u00e9s evitar la tracci\u00f3 excessiva a la zona perqu\u00e8 els s\u00edmptomes millorin. Durant aquest per\u00edode, es poden realitzar activitats de baix impacte com a ciclisme o nataci\u00f3 per evitar l&#8217;atr\u00f2fia muscular. (6)<\/span><\/span><\/span><\/p>\n<p>&nbsp;<\/p>\n<h3 style=\"padding-left: 40px;\"><b><span style=\"vertical-align: inherit;\"><span style=\"vertical-align: inherit;\">2. Medicaci\u00f3<\/span><\/span><\/b><\/h3>\n<p><span style=\"font-weight: 400;\"><span style=\"vertical-align: inherit;\"><span style=\"vertical-align: inherit;\">L&#8217;\u00fas de medicaments antiinflamatoris no esteroides (AINEs) pot ser efectiu per reduir els s\u00edmptomes a curt termini, encara que no s&#8217;ha demostrat que escurcin la durada de la patologia. (7)<\/span><\/span><\/span><\/p>\n<p>&nbsp;<\/p>\n<h3 style=\"padding-left: 40px;\"><b><span style=\"vertical-align: inherit;\"><span style=\"vertical-align: inherit;\">3. Exercici terap\u00e8utic<\/span><\/span><\/b><\/h3>\n<p><span style=\"font-weight: 400;\"><span style=\"vertical-align: inherit;\"><span style=\"vertical-align: inherit;\">El treball d&#8217;enfortiment i flexibilitat de la cadena posterior, aix\u00ed com dels <\/span><\/span><\/span><a href=\"https:\/\/www.fisioterapia-online.com\/glosario\/core-o-abdomen\" target=\"_blank\" rel=\"noopener\"><span style=\"font-weight: 400;\"><span style=\"vertical-align: inherit;\"><span style=\"vertical-align: inherit;\">m\u00fasculs centrals del cos<\/span><\/span><\/span><\/a><span style=\"font-weight: 400;\"><span style=\"vertical-align: inherit;\"><span style=\"vertical-align: inherit;\"> (CORE), s&#8217;ha demostrat efectiu per millorar les c\u00e0rregues a qu\u00e8 se sotmet el genoll. (8)<\/span><\/span><\/span><\/p>\n<p>&nbsp;<\/p>\n<h3 style=\"padding-left: 40px;\"><b><span style=\"vertical-align: inherit;\"><span style=\"vertical-align: inherit;\">4. Ones de xoc<\/span><\/span><\/b><\/h3>\n<p><span style=\"font-weight: 400;\"><span style=\"vertical-align: inherit;\"><span style=\"vertical-align: inherit;\">Alguns estudis han demostrat que les <\/span><\/span><\/span><a href=\"https:\/\/centrekine.com\/treatments1\/ondas-de-choque\/\"><b><span style=\"vertical-align: inherit;\"><span style=\"vertical-align: inherit;\">ones de xoc<\/span><\/span><\/b><\/a><span style=\"font-weight: 400;\"><span style=\"vertical-align: inherit;\"><span style=\"vertical-align: inherit;\"> poden ser beneficioses a causa del seu efecte analg\u00e8sic. Tot i aix\u00f2, \u00e9s important tenir en compte en quina fase de la lesi\u00f3 es troba el pacient. (9)<\/span><\/span><\/span><\/p>\n<p>&nbsp;<\/p>\n<h3 style=\"padding-left: 40px;\"><b><span style=\"vertical-align: inherit;\"><span style=\"vertical-align: inherit;\">5. Magnetoter\u00e0pia<\/span><\/span><\/b><\/h3>\n<p><span style=\"font-weight: 400;\"><span style=\"vertical-align: inherit;\"><span style=\"vertical-align: inherit;\">La <\/span><\/span><\/span><a href=\"https:\/\/centrekine.com\/treatments1\/magnetoterapia\/\"><b><span style=\"vertical-align: inherit;\"><span style=\"vertical-align: inherit;\">magnetoter\u00e0pia<\/span><\/span><\/b><\/a><span style=\"font-weight: 400;\"><span style=\"vertical-align: inherit;\"><span style=\"vertical-align: inherit;\"> es pot recomanar per accelerar els processos de recuperaci\u00f3, ja que la malaltia d&#8217;Osgood Schlatter involucra el creixement ossi. (10)<\/span><\/span><\/span><\/p>\n<p>&nbsp;<\/p>\n<h3 style=\"padding-left: 40px;\"><b><span style=\"vertical-align: inherit;\"><span style=\"vertical-align: inherit;\">6. Cirurgia<\/span><\/span><\/b><\/h3>\n<p><span style=\"font-weight: 400;\"><span style=\"vertical-align: inherit;\"><span style=\"vertical-align: inherit;\">La majoria dels pacients es beneficiaran dels tractaments conservadors esmentats anteriorment. Tot i aix\u00f2, en casos en qu\u00e8 aquests no siguin efectius, es pot considerar l&#8217;opci\u00f3 de la cirurgia.<\/span><\/span><\/span><\/p>\n<p>&nbsp;<\/p>\n<h2><b><span style=\"vertical-align: inherit;\"><span style=\"vertical-align: inherit;\">Aneu a un fisioterapeuta<\/span><\/span><\/b><\/h2>\n<p><span style=\"font-weight: 400;\"><span style=\"vertical-align: inherit;\"><span style=\"vertical-align: inherit;\">Recordeu que aquest article proporciona informaci\u00f3 general i no reempla\u00e7a la <\/span><\/span><\/span><a href=\"https:\/\/centrekine.com\/quien-te-cuida\/\"><span style=\"font-weight: 400;\"><span style=\"vertical-align: inherit;\"><span style=\"vertical-align: inherit;\">consulta m\u00e8dica professional.<\/span><\/span><\/span><\/a><span style=\"font-weight: 400;\"><span style=\"vertical-align: inherit;\"><span style=\"vertical-align: inherit;\"> \u00a0 Si est\u00e0s experimentant dolor a la part anterior de la t\u00edbia o tens s\u00edmptomes relacionats amb la malaltia d&#8217;Osgood Schlatter, et recomanem que consultis un <\/span><\/span><\/span><b><span style=\"vertical-align: inherit;\"><span style=\"vertical-align: inherit;\">fisioterapeuta especialitzat <\/span><\/span><\/b><span style=\"font-weight: 400;\"><span style=\"vertical-align: inherit;\"><span style=\"vertical-align: inherit;\">.\u00a0<\/span><\/span><\/span><\/p>\n<p>&nbsp;<\/p>\n<p><span style=\"font-weight: 400;\"><span style=\"vertical-align: inherit;\"><span style=\"vertical-align: inherit;\">A <\/span><\/span><\/span><b><span style=\"vertical-align: inherit;\"><span style=\"vertical-align: inherit;\">Centre Kine <\/span><\/span><\/b><span style=\"font-weight: 400;\"><span style=\"vertical-align: inherit;\"><span style=\"vertical-align: inherit;\">comptem amb dos <\/span><\/span><\/span><b><span style=\"vertical-align: inherit;\"><span style=\"vertical-align: inherit;\">centres de fisioter\u00e0pia a Lleida <\/span><\/span><\/b><span style=\"font-weight: 400;\"><span style=\"vertical-align: inherit;\"><span style=\"vertical-align: inherit;\">i amb un equip de professionals que podr\u00e0 avaluar la teva situaci\u00f3 i recomanar-te el tractament adequat per alleujar el dolor i promoure una recuperaci\u00f3 r\u00e0pida.<\/span><\/span><\/span><\/p>\n<p>&nbsp;<\/p>\n<p><span style=\"font-weight: 400;\"><span style=\"vertical-align: inherit;\"><span style=\"vertical-align: inherit;\">Pots contactar amb nosaltres mitjan\u00e7ant el nostre <\/span><\/span><\/span><span style=\"vertical-align: inherit;\"><span style=\"font-weight: 400;\"><span style=\"vertical-align: inherit;\">formulari <\/span><\/span><a href=\"tel:677561659\" target=\"_blank\" rel=\"noopener\"><span style=\"font-weight: 400;\"><span style=\"vertical-align: inherit;\">web <\/span><\/span><\/a><\/span><a href=\"https:\/\/centrekine.com\/ca\/contacte\/\"><span style=\"font-weight: 400;\"><span style=\"vertical-align: inherit;\"><span style=\"vertical-align: inherit;\">i<\/span><\/span><\/span><\/a><span style=\"font-weight: 400;\"><span style=\"vertical-align: inherit;\"><span style=\"vertical-align: inherit;\"> et respondrem en 24 <\/span><\/span><\/span><span style=\"vertical-align: inherit;\"><span style=\"font-weight: 400;\"><span style=\"vertical-align: inherit;\">hores <\/span><\/span><\/span><a href=\"tel:973233703\" target=\"_blank\" rel=\"noopener\"><span style=\"font-weight: 400;\"><span style=\"vertical-align: inherit;\"><span style=\"vertical-align: inherit;\">.<\/span><\/span><\/span><\/a><\/p>\n<p>&nbsp;<\/p>\n<ul>\n<li style=\"font-weight: 400;\" aria-level=\"1\"><a href=\"https:\/\/www.google.com\/maps\/d\/embed?mid=13Rd-cV0r3PpbC6tO2LbONu0MMxY\" target=\"_blank\" rel=\"noopener\"><span style=\"font-weight: 400;\"><span style=\"vertical-align: inherit;\"><span style=\"vertical-align: inherit;\">Passeig de Ronda, n\u00fam. 164<\/span><\/span><\/span><\/a><\/li>\n<li style=\"font-weight: 400;\" aria-level=\"1\"><a href=\"https:\/\/www.google.com\/maps\/d\/embed?mid=13Rd-cV0r3PpbC6tO2LbONu0MMxY\" target=\"_blank\" rel=\"noopener\"><span style=\"font-weight: 400;\"><span style=\"vertical-align: inherit;\"><span style=\"vertical-align: inherit;\">Santa Cec\u00edlia, n\u00fam. 20<\/span><\/span><\/span><\/a><\/li>\n<\/ul>\n<p>&nbsp;<\/p>\n<hr \/>\n<h3><b><span style=\"vertical-align: inherit;\"><span style=\"vertical-align: inherit;\">Bibliografia<\/span><\/span><\/b><\/h3>\n<p><span style=\"font-weight: 400;\"><span style=\"vertical-align: inherit;\"><span style=\"vertical-align: inherit;\">(1) Corbi F, Matas S, \u00c1lvarez-Herms J, Sitko S, Baiget E, Reverter-Masia J, L\u00f3pez-Laval I. Osgood-Schlatter Disseny: Appearance, Diagnosi and Treatment: A Narrative Review. Healthcare (Basel). 2022 May 30;10(6):1011. doi: 10.3390\/healthcare10061011. PMID: 35742062; PMCID: PMC9222654. <\/span><\/span><\/span><span style=\"font-weight: 400;\"><span style=\"vertical-align: inherit;\"><span style=\"vertical-align: inherit;\">(2) Foss, KDB; Myer, GD; Hewett, TE Epidemiology of Basketball, Soccer, i Volleyball Injuries in Middle-School Female Athletes. Physician Sportsmed. 2014, 42, 146\u2013153. <\/span><\/span><\/span><span style=\"font-weight: 400;\"><span style=\"vertical-align: inherit;\"><span style=\"vertical-align: inherit;\">(3) Krause, JB; Williams, A.; Catterall, A. Natural hist\u00f2ria d&#8217;Osgood-Schlatter disease. J. Pediatr. Orthop. 1990, 10, 65\u201368. <\/span><\/span><\/span><span style=\"font-weight: 400;\"><span style=\"vertical-align: inherit;\"><span style=\"vertical-align: inherit;\">(4) Nur, SI; Siti, SM; Wan, AW An active boy with bilateral knee pain. Malais. Fam Physician 2019, 30, 26\u201328. <\/span><\/span><\/span><span style=\"font-weight: 400;\"><span style=\"vertical-align: inherit;\"><span style=\"vertical-align: inherit;\">(5) Kaneuchi, I.; Otoshi, K.; Hakozaki, M.; Sekiguchi, M.; Watanabe, K.; Igari, T.; Konno, S. Bony Maturitat de la Tiberia Tuberositat s Regard per a l&#8217;Age i la Sex and Its Relationship to Pathogenesis of Osgood-Schlatter Disease: An Ultrasonographic Study. Orthop. J. Sports Med. 2018, 6, 2325967117749184. <\/span><\/span><\/span><span style=\"font-weight: 400;\"><span style=\"vertical-align: inherit;\"><span style=\"vertical-align: inherit;\">(6) Ladenhauf, HN; Seitlinger, G.; Green, DW Osgood-Schlatter dissenyase: El 2020 update of a common knee condition in children. Curr. Opin. Pediatr. 2020, 32, 107\u2013112. <\/span><\/span><\/span><span style=\"font-weight: 400;\"><span style=\"vertical-align: inherit;\"><span style=\"vertical-align: inherit;\">(7) Mebis, W.; Jager, T.; Van Hedent, E. Intratendinous Patellar Ganglion Cyst with Coexistant Osgood Schlatter Disease. J. Belg. Soc. Radiol. 2016, 27, 86. <\/span><\/span><\/span><span style=\"font-weight: 400;\"><span style=\"vertical-align: inherit;\"><span style=\"vertical-align: inherit;\">(8) Vaishya, R.; Azizi, AT; Agarwal, AK; Vijay, V. Apophysitis of the Tibial Tuberosity (Osgood-Schlatter Disease): A Review. Cureus 2016, 13, e780. <\/span><\/span><\/span><span style=\"font-weight: 400;\"><span style=\"vertical-align: inherit;\"><span style=\"vertical-align: inherit;\">(9) Lohrer, H.; Nauck, T.; Sch\u00f6ll, J.; Zwerver, J.; Malliaropoulos, N. Extracorporeal xoc wave therapy for patients suffering from recalcitrant Osgood-Schlatter disease. Sportverletz. Sportschaden 2012, 26, 218\u2013222. <\/span><\/span><\/span><span style=\"font-weight: 400;\"><span style=\"vertical-align: inherit;\"><span style=\"vertical-align: inherit;\">(10) Llegeix, DW; Kim, MJ; Kim, WJ; Ha, JK; Kim, JG Correlation between Magnetic Resonance Imaging Characteristics of the Patellar Tendon and Clinical Scores in Osgood-Schlatter Disease. Knee Surg. Relat. Res. 2016, 28, 62\u201367.<\/span><\/span><\/span><\/p>\n","protected":false},"excerpt":{"rendered":"<p>&nbsp; Saps qu\u00e8 \u00e9s la malaltia d&#8217;Osgood-Schlatter : s\u00edmptomes i tractament recomanats?\u00a0 En aquest article del bloc de Centre Kine abordarem aquesta patologia freq\u00fcent en adolescents, especialment en esportistes joves, que es produeix a causa de l&#8217;exc\u00e9s de tracci\u00f3 al tend\u00f3 rotular i pot inflamar la zona de creixement ossi a la part anterior de [&hellip;]<\/p>\n","protected":false},"author":1,"featured_media":18840,"comment_status":"open","ping_status":"open","sticky":false,"template":"","format":"standard","meta":{"_joinchat":[],"footnotes":""},"categories":[1910,1911,1926],"tags":[1914,1927,1928,1929,1930,1931,1932,1933,1934,1935,1936,1937],"acf":[],"yoast_head":"<!-- This site is optimized with the Yoast SEO plugin v24.2 - https:\/\/yoast.com\/wordpress\/plugins\/seo\/ -->\n<title>Malaltia de Osgood-Schlatter: s\u00edmptomes i tractament - Centre Kine<\/title>\n<meta name=\"robots\" content=\"index, follow, max-snippet:-1, max-image-preview:large, max-video-preview:-1\" \/>\n<link rel=\"canonical\" href=\"https:\/\/centrekine.com\/ca\/malaltia-de-osgood-schlatter-simptomes-i-tractament\/\" \/>\n<meta property=\"og:locale\" content=\"ca_ES\" \/>\n<meta property=\"og:type\" content=\"article\" \/>\n<meta property=\"og:title\" content=\"Malaltia de Osgood-Schlatter: s\u00edmptomes i tractament - Centre Kine\" \/>\n<meta property=\"og:description\" content=\"&nbsp; Saps qu\u00e8 \u00e9s la malaltia d&#8217;Osgood-Schlatter : s\u00edmptomes i tractament recomanats?\u00a0 En aquest article del bloc de Centre Kine abordarem aquesta patologia freq\u00fcent en adolescents, especialment en esportistes joves, que es produeix a causa de l&#8217;exc\u00e9s de tracci\u00f3 al tend\u00f3 rotular i pot inflamar la zona de creixement ossi a la part anterior de [&hellip;]\" \/>\n<meta property=\"og:url\" content=\"https:\/\/centrekine.com\/ca\/malaltia-de-osgood-schlatter-simptomes-i-tractament\/\" \/>\n<meta property=\"og:site_name\" content=\"Centre Kine\" \/>\n<meta property=\"article:published_time\" content=\"2024-08-29T06:31:14+00:00\" \/>\n<meta property=\"article:modified_time\" content=\"2025-01-27T09:14:03+00:00\" \/>\n<meta property=\"og:image\" content=\"https:\/\/centrekine.com\/wp-content\/uploads\/2024\/08\/centre-kine-blog-sindrome-osgood-schlatter.jpg\" \/>\n\t<meta property=\"og:image:width\" content=\"300\" \/>\n\t<meta property=\"og:image:height\" content=\"207\" \/>\n\t<meta property=\"og:image:type\" content=\"image\/jpeg\" \/>\n<meta name=\"author\" content=\"angel_rfgr2l1f\" \/>\n<meta name=\"twitter:card\" content=\"summary_large_image\" \/>\n<meta name=\"twitter:label1\" content=\"Escrit per\" \/>\n\t<meta name=\"twitter:data1\" content=\"angel_rfgr2l1f\" \/>\n\t<meta name=\"twitter:label2\" content=\"Temps estimat de lectura\" \/>\n\t<meta name=\"twitter:data2\" content=\"6 minuts\" \/>\n<script type=\"application\/ld+json\" class=\"yoast-schema-graph\">{\"@context\":\"https:\/\/schema.org\",\"@graph\":[{\"@type\":\"WebPage\",\"@id\":\"https:\/\/centrekine.com\/ca\/malaltia-de-osgood-schlatter-simptomes-i-tractament\/\",\"url\":\"https:\/\/centrekine.com\/ca\/malaltia-de-osgood-schlatter-simptomes-i-tractament\/\",\"name\":\"Malaltia de Osgood-Schlatter: s\u00edmptomes i tractament - Centre Kine\",\"isPartOf\":{\"@id\":\"https:\/\/centrekine.com\/#website\"},\"primaryImageOfPage\":{\"@id\":\"https:\/\/centrekine.com\/ca\/malaltia-de-osgood-schlatter-simptomes-i-tractament\/#primaryimage\"},\"image\":{\"@id\":\"https:\/\/centrekine.com\/ca\/malaltia-de-osgood-schlatter-simptomes-i-tractament\/#primaryimage\"},\"thumbnailUrl\":\"https:\/\/centrekine.com\/wp-content\/uploads\/2024\/08\/centre-kine-blog-sindrome-osgood-schlatter.jpg\",\"datePublished\":\"2024-08-29T06:31:14+00:00\",\"dateModified\":\"2025-01-27T09:14:03+00:00\",\"author\":{\"@id\":\"https:\/\/centrekine.com\/#\/schema\/person\/79e773377c569a732ef029f5ee675192\"},\"breadcrumb\":{\"@id\":\"https:\/\/centrekine.com\/ca\/malaltia-de-osgood-schlatter-simptomes-i-tractament\/#breadcrumb\"},\"inLanguage\":\"ca\",\"potentialAction\":[{\"@type\":\"ReadAction\",\"target\":[\"https:\/\/centrekine.com\/ca\/malaltia-de-osgood-schlatter-simptomes-i-tractament\/\"]}]},{\"@type\":\"ImageObject\",\"inLanguage\":\"ca\",\"@id\":\"https:\/\/centrekine.com\/ca\/malaltia-de-osgood-schlatter-simptomes-i-tractament\/#primaryimage\",\"url\":\"https:\/\/centrekine.com\/wp-content\/uploads\/2024\/08\/centre-kine-blog-sindrome-osgood-schlatter.jpg\",\"contentUrl\":\"https:\/\/centrekine.com\/wp-content\/uploads\/2024\/08\/centre-kine-blog-sindrome-osgood-schlatter.jpg\",\"width\":300,\"height\":207},{\"@type\":\"BreadcrumbList\",\"@id\":\"https:\/\/centrekine.com\/ca\/malaltia-de-osgood-schlatter-simptomes-i-tractament\/#breadcrumb\",\"itemListElement\":[{\"@type\":\"ListItem\",\"position\":1,\"name\":\"Portada\",\"item\":\"https:\/\/centrekine.com\/ca\/\"},{\"@type\":\"ListItem\",\"position\":2,\"name\":\"Malaltia de Osgood-Schlatter: s\u00edmptomes i tractament\"}]},{\"@type\":\"WebSite\",\"@id\":\"https:\/\/centrekine.com\/#website\",\"url\":\"https:\/\/centrekine.com\/\",\"name\":\"Centre Kine\",\"description\":\"Fisioter\u00e0pia, Osteopatia i ter\u00e0pies globals a Lleida\",\"potentialAction\":[{\"@type\":\"SearchAction\",\"target\":{\"@type\":\"EntryPoint\",\"urlTemplate\":\"https:\/\/centrekine.com\/?s={search_term_string}\"},\"query-input\":{\"@type\":\"PropertyValueSpecification\",\"valueRequired\":true,\"valueName\":\"search_term_string\"}}],\"inLanguage\":\"ca\"},{\"@type\":\"Person\",\"@id\":\"https:\/\/centrekine.com\/#\/schema\/person\/79e773377c569a732ef029f5ee675192\",\"name\":\"angel_rfgr2l1f\",\"image\":{\"@type\":\"ImageObject\",\"inLanguage\":\"ca\",\"@id\":\"https:\/\/centrekine.com\/#\/schema\/person\/image\/\",\"url\":\"https:\/\/secure.gravatar.com\/avatar\/ad8b00593a2116f47595bdc03abd51a8?s=96&d=mm&r=g\",\"contentUrl\":\"https:\/\/secure.gravatar.com\/avatar\/ad8b00593a2116f47595bdc03abd51a8?s=96&d=mm&r=g\",\"caption\":\"angel_rfgr2l1f\"},\"url\":\"https:\/\/centrekine.com\/ca\/author\/angel_rfgr2l1f\/\"}]}<\/script>\n<!-- \/ Yoast SEO plugin. -->","yoast_head_json":{"title":"Malaltia de Osgood-Schlatter: s\u00edmptomes i tractament - Centre Kine","robots":{"index":"index","follow":"follow","max-snippet":"max-snippet:-1","max-image-preview":"max-image-preview:large","max-video-preview":"max-video-preview:-1"},"canonical":"https:\/\/centrekine.com\/ca\/malaltia-de-osgood-schlatter-simptomes-i-tractament\/","og_locale":"ca_ES","og_type":"article","og_title":"Malaltia de Osgood-Schlatter: s\u00edmptomes i tractament - Centre Kine","og_description":"&nbsp; Saps qu\u00e8 \u00e9s la malaltia d&#8217;Osgood-Schlatter : s\u00edmptomes i tractament recomanats?\u00a0 En aquest article del bloc de Centre Kine abordarem aquesta patologia freq\u00fcent en adolescents, especialment en esportistes joves, que es produeix a causa de l&#8217;exc\u00e9s de tracci\u00f3 al tend\u00f3 rotular i pot inflamar la zona de creixement ossi a la part anterior de [&hellip;]","og_url":"https:\/\/centrekine.com\/ca\/malaltia-de-osgood-schlatter-simptomes-i-tractament\/","og_site_name":"Centre Kine","article_published_time":"2024-08-29T06:31:14+00:00","article_modified_time":"2025-01-27T09:14:03+00:00","og_image":[{"width":300,"height":207,"url":"https:\/\/centrekine.com\/wp-content\/uploads\/2024\/08\/centre-kine-blog-sindrome-osgood-schlatter.jpg","type":"image\/jpeg"}],"author":"angel_rfgr2l1f","twitter_card":"summary_large_image","twitter_misc":{"Escrit per":"angel_rfgr2l1f","Temps estimat de lectura":"6 minuts"},"schema":{"@context":"https:\/\/schema.org","@graph":[{"@type":"WebPage","@id":"https:\/\/centrekine.com\/ca\/malaltia-de-osgood-schlatter-simptomes-i-tractament\/","url":"https:\/\/centrekine.com\/ca\/malaltia-de-osgood-schlatter-simptomes-i-tractament\/","name":"Malaltia de Osgood-Schlatter: s\u00edmptomes i tractament - Centre Kine","isPartOf":{"@id":"https:\/\/centrekine.com\/#website"},"primaryImageOfPage":{"@id":"https:\/\/centrekine.com\/ca\/malaltia-de-osgood-schlatter-simptomes-i-tractament\/#primaryimage"},"image":{"@id":"https:\/\/centrekine.com\/ca\/malaltia-de-osgood-schlatter-simptomes-i-tractament\/#primaryimage"},"thumbnailUrl":"https:\/\/centrekine.com\/wp-content\/uploads\/2024\/08\/centre-kine-blog-sindrome-osgood-schlatter.jpg","datePublished":"2024-08-29T06:31:14+00:00","dateModified":"2025-01-27T09:14:03+00:00","author":{"@id":"https:\/\/centrekine.com\/#\/schema\/person\/79e773377c569a732ef029f5ee675192"},"breadcrumb":{"@id":"https:\/\/centrekine.com\/ca\/malaltia-de-osgood-schlatter-simptomes-i-tractament\/#breadcrumb"},"inLanguage":"ca","potentialAction":[{"@type":"ReadAction","target":["https:\/\/centrekine.com\/ca\/malaltia-de-osgood-schlatter-simptomes-i-tractament\/"]}]},{"@type":"ImageObject","inLanguage":"ca","@id":"https:\/\/centrekine.com\/ca\/malaltia-de-osgood-schlatter-simptomes-i-tractament\/#primaryimage","url":"https:\/\/centrekine.com\/wp-content\/uploads\/2024\/08\/centre-kine-blog-sindrome-osgood-schlatter.jpg","contentUrl":"https:\/\/centrekine.com\/wp-content\/uploads\/2024\/08\/centre-kine-blog-sindrome-osgood-schlatter.jpg","width":300,"height":207},{"@type":"BreadcrumbList","@id":"https:\/\/centrekine.com\/ca\/malaltia-de-osgood-schlatter-simptomes-i-tractament\/#breadcrumb","itemListElement":[{"@type":"ListItem","position":1,"name":"Portada","item":"https:\/\/centrekine.com\/ca\/"},{"@type":"ListItem","position":2,"name":"Malaltia de Osgood-Schlatter: s\u00edmptomes i tractament"}]},{"@type":"WebSite","@id":"https:\/\/centrekine.com\/#website","url":"https:\/\/centrekine.com\/","name":"Centre Kine","description":"Fisioter\u00e0pia, Osteopatia i ter\u00e0pies globals a Lleida","potentialAction":[{"@type":"SearchAction","target":{"@type":"EntryPoint","urlTemplate":"https:\/\/centrekine.com\/?s={search_term_string}"},"query-input":{"@type":"PropertyValueSpecification","valueRequired":true,"valueName":"search_term_string"}}],"inLanguage":"ca"},{"@type":"Person","@id":"https:\/\/centrekine.com\/#\/schema\/person\/79e773377c569a732ef029f5ee675192","name":"angel_rfgr2l1f","image":{"@type":"ImageObject","inLanguage":"ca","@id":"https:\/\/centrekine.com\/#\/schema\/person\/image\/","url":"https:\/\/secure.gravatar.com\/avatar\/ad8b00593a2116f47595bdc03abd51a8?s=96&d=mm&r=g","contentUrl":"https:\/\/secure.gravatar.com\/avatar\/ad8b00593a2116f47595bdc03abd51a8?s=96&d=mm&r=g","caption":"angel_rfgr2l1f"},"url":"https:\/\/centrekine.com\/ca\/author\/angel_rfgr2l1f\/"}]}},"_links":{"self":[{"href":"https:\/\/centrekine.com\/ca\/wp-json\/wp\/v2\/posts\/19517"}],"collection":[{"href":"https:\/\/centrekine.com\/ca\/wp-json\/wp\/v2\/posts"}],"about":[{"href":"https:\/\/centrekine.com\/ca\/wp-json\/wp\/v2\/types\/post"}],"author":[{"embeddable":true,"href":"https:\/\/centrekine.com\/ca\/wp-json\/wp\/v2\/users\/1"}],"replies":[{"embeddable":true,"href":"https:\/\/centrekine.com\/ca\/wp-json\/wp\/v2\/comments?post=19517"}],"version-history":[{"count":2,"href":"https:\/\/centrekine.com\/ca\/wp-json\/wp\/v2\/posts\/19517\/revisions"}],"predecessor-version":[{"id":19523,"href":"https:\/\/centrekine.com\/ca\/wp-json\/wp\/v2\/posts\/19517\/revisions\/19523"}],"wp:featuredmedia":[{"embeddable":true,"href":"https:\/\/centrekine.com\/ca\/wp-json\/wp\/v2\/media\/18840"}],"wp:attachment":[{"href":"https:\/\/centrekine.com\/ca\/wp-json\/wp\/v2\/media?parent=19517"}],"wp:term":[{"taxonomy":"category","embeddable":true,"href":"https:\/\/centrekine.com\/ca\/wp-json\/wp\/v2\/categories?post=19517"},{"taxonomy":"post_tag","embeddable":true,"href":"https:\/\/centrekine.com\/ca\/wp-json\/wp\/v2\/tags?post=19517"}],"curies":[{"name":"wp","href":"https:\/\/api.w.org\/{rel}","templated":true}]}}